{"id":9174,"date":"2023-10-20T09:29:15","date_gmt":"2023-10-20T07:29:15","guid":{"rendered":"https:\/\/www.augelegalfiscal.com\/reseaux-sociaux-et-protection-des-donnees\/"},"modified":"2025-09-29T17:55:20","modified_gmt":"2025-09-29T15:55:20","slug":"reseaux-sociaux-et-protection-des-donnees","status":"publish","type":"post","link":"https:\/\/www.augelegalfiscal.com\/fr\/reseaux-sociaux-et-protection-des-donnees\/","title":{"rendered":"R\u00e9seaux Sociaux et Protection des Donn\u00e9es"},"content":{"rendered":"<p><span style=\"font-weight: 400;\">La pertinence des r\u00e9seaux sociaux est aujourd&rsquo;hui indiscutable. Il s&rsquo;agit d&rsquo;un service de la soci\u00e9t\u00e9 de l&rsquo;information, dont la fourniture implique le traitement de donn\u00e9es, que ce soit dans le but de fournir le service lui-m\u00eame, ou pour d&rsquo;autres objectifs tels que proposer de la publicit\u00e9 personnalis\u00e9e aux utilisateurs. Dans ce contexte, le fournisseur du service de r\u00e9seau social, en tant que responsable du traitement, devra mettre en \u0153uvre les mesures appropri\u00e9es pour garantir le respect de ses obligations conform\u00e9ment \u00e0 la r\u00e9glementation sur la protection des donn\u00e9es.<\/span><\/p>\n<p><span style=\"font-weight: 400;\">Le propri\u00e9taire du r\u00e9seau social, en tant que fournisseur du service, disposant des moyens techniques n\u00e9cessaires et d\u00e9cidant de la finalit\u00e9, du contenu et de l&rsquo;utilisation des donn\u00e9es trait\u00e9es, est clairement consid\u00e9r\u00e9 comme le responsable du traitement. Par cons\u00e9quent, la cl\u00e9 de son action doit \u00eatre bas\u00e9e sur la proactivit\u00e9, la confidentialit\u00e9 d\u00e8s la conception (privacy by design) et la confidentialit\u00e9 par d\u00e9faut (privacy by default). Cela signifie que l&rsquo;utilisateur doit se voir offrir le service avec le plus haut niveau de confidentialit\u00e9 possible d\u00e8s le d\u00e9part. Ainsi, il appartient \u00e0 l&rsquo;utilisateur, s&rsquo;il le souhaite, de r\u00e9duire cette confidentialit\u00e9 par des actes de consentement explicites, et que son compte ait par d\u00e9faut le moins de donn\u00e9es possible, ne rendant le profil public que lorsque l&rsquo;utilisateur le permet express\u00e9ment. Ainsi, le fournisseur du r\u00e9seau social devra, lors de la d\u00e9termination des moyens et lors du traitement lui-m\u00eame, adopter des mesures techniques et organisationnelles appropri\u00e9es pour mettre en \u0153uvre efficacement les principes de protection des donn\u00e9es et int\u00e9grer les garanties n\u00e9cessaires dans le traitement. Quelques exemples de mesures concr\u00e8tes comprennent avoir une base juridique ad\u00e9quate pour la l\u00e9gitimit\u00e9 du traitement, appliquer la minimisation des donn\u00e9es et la limitation de la finalit\u00e9, respecter le principe d&rsquo;information ou limiter la dur\u00e9e de conservation des donn\u00e9es.<\/span><\/p>\n<p><span style=\"font-weight: 400;\">En ce qui concerne le consentement, sauf exceptions particuli\u00e8res, le traitement des donn\u00e9es personnelles sur les r\u00e9seaux sociaux doit \u00eatre bas\u00e9 sur le consentement donn\u00e9 par leurs titulaires comme base de l\u00e9gitimation. Et ce consentement doit \u00eatre libre, \u00e9clair\u00e9, sans \u00e9quivoque, r\u00e9vocable, explicite, transparent, positif et v\u00e9rifiable, n\u00e9cessitant donc une d\u00e9claration explicite ou une action affirmative, une fois que l&rsquo;information pertinente a \u00e9t\u00e9 re\u00e7ue. Cependant, il convient de noter que lorsque le traitement a plusieurs objectifs, le consentement doit \u00eatre donn\u00e9 pour chacun d&rsquo;entre eux.<\/span><\/p>\n<p><span style=\"font-weight: 400;\">D&rsquo;autre part, il est n\u00e9cessaire de consid\u00e9rer la position des utilisateurs de r\u00e9seaux sociaux en tant que responsables, ou non, du traitement. \u00c0 cet \u00e9gard, il faut diff\u00e9rencier les utilisateurs individuels des utilisateurs corporatifs. En ce qui concerne les utilisateurs individuels, ceux-ci utilisent les r\u00e9seaux \u00e0 des fins personnelles, et b\u00e9n\u00e9ficient de l&rsquo;exception de traitement personnel ou domestique pr\u00e9vue par la norme, car ils n&rsquo;ont aucune connexion avec une activit\u00e9 professionnelle ou commerciale. Par cons\u00e9quent, les utilisateurs particuliers ne seront pas consid\u00e9r\u00e9s comme responsables du traitement des donn\u00e9es personnelles de tiers qu&rsquo;ils peuvent effectuer lors de leurs activit\u00e9s sur le r\u00e9seau social. Cependant, il ne faut pas oublier qu&rsquo;ils seraient responsables de l&rsquo;utilisation des donn\u00e9es de tiers conform\u00e9ment \u00e0 toute autre position l\u00e9gale, telle que la protection du droit \u00e0 l&rsquo;honneur, \u00e0 la vie priv\u00e9e personnelle ou familiale et \u00e0 l&rsquo;image. N\u00e9anmoins, il existe des cas o\u00f9 les activit\u00e9s d&rsquo;un utilisateur particulier ne b\u00e9n\u00e9ficient pas de cette exemption, comme lorsque tous les membres d&rsquo;un r\u00e9seau social peuvent acc\u00e9der \u00e0 un profil ou lorsque les donn\u00e9es sont indexables par les moteurs de recherche. Dans ces cas, l&rsquo;acc\u00e8s d\u00e9passe le cadre personnel ou domestique, et donc, la diffusion ouverte \u00e0 des tiers est consid\u00e9r\u00e9e comme un traitement de donn\u00e9es soumis \u00e0 la r\u00e9glementation.<\/span><\/p>\n<p><span style=\"font-weight: 400;\">D&rsquo;un autre c\u00f4t\u00e9, les utilisateurs corporatifs, dans la mesure o\u00f9 ils utilisent le r\u00e9seau comme plateformes pour le d\u00e9veloppement d&rsquo;activit\u00e9s commerciales ou professionnelles, peuvent \u00eatre consid\u00e9r\u00e9s, \u00e0 l&rsquo;inverse, comme responsables du traitement. Il convient de noter ici que cet utilisateur corporatif sera responsable, conjointement avec le fournisseur du r\u00e9seau social, \u00e9tablissant la nature solidaire des deux responsabilit\u00e9s concurrentes, sans pr\u00e9judice du fait qu&rsquo;entre eux, ils peuvent d\u00e9limiter leurs responsabilit\u00e9s d&rsquo;un commun accord.<\/span><\/p>\n<p><span style=\"font-weight: 400;\">Enfin, il est n\u00e9cessaire de d\u00e9terminer la responsabilit\u00e9 du fournisseur du r\u00e9seau social pour les actes illicites de ses utilisateurs. Dans ces cas, au-del\u00e0 de la propre responsabilit\u00e9 de l&rsquo;utilisateur, la responsabilit\u00e9 du fournisseur doit \u00e9galement \u00eatre affirm\u00e9e, non pas en raison de l&rsquo;activit\u00e9 de l&rsquo;utilisateur, mais en raison de sa propre action face \u00e0 la constatation de l&rsquo;acte illicite commis par l&rsquo;utilisateur en utilisant son service. Par cons\u00e9quent, les motifs d&rsquo;exon\u00e9ration de responsabilit\u00e9 que le fournisseur pourra invoquer sont les suivants : 1) l&rsquo;absence de connaissance effective de sa part sur la nature illicite du contenu fourni par l&rsquo;utilisateur ou ; 2) \u00e0 d\u00e9faut, le retrait diligent de celui-ci, ou avoir rendu son acc\u00e8s impossible. En conclusion, apr\u00e8s l&rsquo;analyse r\u00e9alis\u00e9e, il est clair que les r\u00e9seaux sociaux sont soumis \u00e0 la r\u00e9glementation sur la protection des donn\u00e9es, identifiant les diff\u00e9rents responsables du traitement des donn\u00e9es dans le cadre de cette prestation de services, ainsi que la position des utilisateurs et leurs droits.<\/span><\/p>\n","protected":false},"excerpt":{"rendered":"<p>La pertinence des r\u00e9seaux sociaux est aujourd&rsquo;hui indiscutable. Il s&rsquo;agit d&rsquo;un service de la soci\u00e9t\u00e9 de l&rsquo;information, dont la fourniture implique le traitement de donn\u00e9es, que ce soit dans le but de fournir le service lui-m\u00eame, ou pour d&rsquo;autres objectifs tels que proposer de la publicit\u00e9 personnalis\u00e9e aux utilisateurs. Dans ce contexte, le fournisseur du [&hellip;]<\/p>\n","protected":false},"author":7,"featured_media":9169,"comment_status":"closed","ping_status":"open","sticky":false,"template":"","format":"standard","meta":{"_acf_changed":false,"footnotes":""},"categories":[10],"tags":[],"class_list":["post-9174","post","type-post","status-publish","format-standard","has-post-thumbnail","hentry","category-auge"],"acf":[],"_links":{"self":[{"href":"https:\/\/www.augelegalfiscal.com\/fr\/wp-json\/wp\/v2\/posts\/9174","targetHints":{"allow":["GET"]}}],"collection":[{"href":"https:\/\/www.augelegalfiscal.com\/fr\/wp-json\/wp\/v2\/posts"}],"about":[{"href":"https:\/\/www.augelegalfiscal.com\/fr\/wp-json\/wp\/v2\/types\/post"}],"author":[{"embeddable":true,"href":"https:\/\/www.augelegalfiscal.com\/fr\/wp-json\/wp\/v2\/users\/7"}],"replies":[{"embeddable":true,"href":"https:\/\/www.augelegalfiscal.com\/fr\/wp-json\/wp\/v2\/comments?post=9174"}],"version-history":[{"count":1,"href":"https:\/\/www.augelegalfiscal.com\/fr\/wp-json\/wp\/v2\/posts\/9174\/revisions"}],"predecessor-version":[{"id":11151,"href":"https:\/\/www.augelegalfiscal.com\/fr\/wp-json\/wp\/v2\/posts\/9174\/revisions\/11151"}],"wp:featuredmedia":[{"embeddable":true,"href":"https:\/\/www.augelegalfiscal.com\/fr\/wp-json\/wp\/v2\/media\/9169"}],"wp:attachment":[{"href":"https:\/\/www.augelegalfiscal.com\/fr\/wp-json\/wp\/v2\/media?parent=9174"}],"wp:term":[{"taxonomy":"category","embeddable":true,"href":"https:\/\/www.augelegalfiscal.com\/fr\/wp-json\/wp\/v2\/categories?post=9174"},{"taxonomy":"post_tag","embeddable":true,"href":"https:\/\/www.augelegalfiscal.com\/fr\/wp-json\/wp\/v2\/tags?post=9174"}],"curies":[{"name":"wp","href":"https:\/\/api.w.org\/{rel}","templated":true}]}}