{"id":6019,"date":"2023-01-27T09:13:33","date_gmt":"2023-01-27T08:13:33","guid":{"rendered":"https:\/\/www.augelegalfiscal.com\/approbation-de-laugmentation-des-salaires-et-des-loyers\/"},"modified":"2024-02-22T11:54:38","modified_gmt":"2024-02-22T10:54:38","slug":"approbation-de-laugmentation-des-salaires-et-des-loyers","status":"publish","type":"post","link":"https:\/\/www.augelegalfiscal.com\/fr\/approbation-de-laugmentation-des-salaires-et-des-loyers\/","title":{"rendered":"Approbation de l&rsquo;augmentation des salaires et des loyers"},"content":{"rendered":"\t\t<div data-elementor-type=\"wp-post\" data-elementor-id=\"6019\" class=\"elementor elementor-6019 elementor-5998\" data-elementor-post-type=\"post\">\n\t\t\t\t\t\t<section class=\"elementor-section elementor-top-section elementor-element elementor-element-224d12c elementor-section-boxed elementor-section-height-default elementor-section-height-default\" data-id=\"224d12c\" data-element_type=\"section\" data-settings=\"{&quot;background_background&quot;:&quot;classic&quot;}\">\n\t\t\t\t\t\t<div class=\"elementor-container elementor-column-gap-default\">\n\t\t\t\t\t<div class=\"elementor-column elementor-col-100 elementor-top-column elementor-element elementor-element-489ca9d3\" data-id=\"489ca9d3\" data-element_type=\"column\">\n\t\t\t<div class=\"elementor-widget-wrap elementor-element-populated\">\n\t\t\t\t\t\t<div class=\"elementor-element elementor-element-62809e26 elementor-widget elementor-widget-heading\" data-id=\"62809e26\" data-element_type=\"widget\" data-widget_type=\"heading.default\">\n\t\t\t\t<div class=\"elementor-widget-container\">\n\t\t\t\t\t<div id=\"ez-toc-container\" class=\"ez-toc-v2_0_79_2 counter-hierarchy ez-toc-counter ez-toc-grey ez-toc-container-direction\">\n<div class=\"ez-toc-title-container\">\n<p class=\"ez-toc-title\" style=\"cursor:inherit\">Table des mati\u00e8res<\/p>\n<span class=\"ez-toc-title-toggle\"><a href=\"#\" class=\"ez-toc-pull-right ez-toc-btn ez-toc-btn-xs ez-toc-btn-default ez-toc-toggle\" aria-label=\"Toggle Table of Content\"><span class=\"ez-toc-js-icon-con\"><span class=\"\"><span class=\"eztoc-hide\" style=\"display:none;\">Toggle<\/span><span class=\"ez-toc-icon-toggle-span\"><svg style=\"fill: #8f2b2f;color:#8f2b2f\" xmlns=\"http:\/\/www.w3.org\/2000\/svg\" class=\"list-377408\" width=\"20px\" height=\"20px\" viewBox=\"0 0 24 24\" fill=\"none\"><path d=\"M6 6H4v2h2V6zm14 0H8v2h12V6zM4 11h2v2H4v-2zm16 0H8v2h12v-2zM4 16h2v2H4v-2zm16 0H8v2h12v-2z\" fill=\"currentColor\"><\/path><\/svg><svg style=\"fill: #8f2b2f;color:#8f2b2f\" class=\"arrow-unsorted-368013\" xmlns=\"http:\/\/www.w3.org\/2000\/svg\" width=\"10px\" height=\"10px\" viewBox=\"0 0 24 24\" version=\"1.2\" baseProfile=\"tiny\"><path d=\"M18.2 9.3l-6.2-6.3-6.2 6.3c-.2.2-.3.4-.3.7s.1.5.3.7c.2.2.4.3.7.3h11c.3 0 .5-.1.7-.3.2-.2.3-.5.3-.7s-.1-.5-.3-.7zM5.8 14.7l6.2 6.3 6.2-6.3c.2-.2.3-.5.3-.7s-.1-.5-.3-.7c-.2-.2-.4-.3-.7-.3h-11c-.3 0-.5.1-.7.3-.2.2-.3.5-.3.7s.1.5.3.7z\"\/><\/svg><\/span><\/span><\/span><\/a><\/span><\/div>\n<nav><ul class='ez-toc-list ez-toc-list-level-1 eztoc-toggle-hide-by-default' ><li class='ez-toc-page-1 ez-toc-heading-level-1'><a class=\"ez-toc-link ez-toc-heading-1\" href=\"https:\/\/www.augelegalfiscal.com\/fr\/approbation-de-laugmentation-des-salaires-et-des-loyers\/#Approbation_de_laugmentation_des_salaires_et_des_loyers\" >Approbation de l&rsquo;augmentation des salaires et des loyers<\/a><\/li><\/ul><\/nav><\/div>\n<h1 class=\"elementor-heading-title elementor-size-default\"><span class=\"ez-toc-section\" id=\"Approbation_de_laugmentation_des_salaires_et_des_loyers\"><\/span>Approbation de l&rsquo;augmentation des salaires et des loyers<span class=\"ez-toc-section-end\"><\/span><\/h1>\t\t\t\t<\/div>\n\t\t\t\t<\/div>\n\t\t\t\t<div class=\"elementor-element elementor-element-9e2183b elementor-widget elementor-widget-text-editor\" data-id=\"9e2183b\" data-element_type=\"widget\" data-widget_type=\"text-editor.default\">\n\t\t\t\t<div class=\"elementor-widget-container\">\n\t\t\t\t\t\t\t\t\t<p><span style=\"font-weight: 400;\">Actuellement la question des loyers est une question \u00ab\u00a0boom\u00a0\u00bb en Andorre, et si on les compare aux salaires des citoyens, la plupart des gens s&rsquo;interrogent ; Comment allons-nous payer le loyer ?<\/span><\/p>\n<p><span style=\"font-weight: 400;\">La nouvelle ann\u00e9e commence avec un salaire minimum de 1.286 euros par mois, avec une augmentation de 7% par rapport \u00e0 la derni\u00e8re, \u00e9galement une augmentation pouvant aller jusqu&rsquo;\u00e0 7% pour les pensions de retraite, de veuvage et d&rsquo;invalidit\u00e9 de la S\u00e9curit\u00e9 sociale inf\u00e9rieures au Smic interprofessionnel, et des pensions de solidarit\u00e9 pour les personnes \u00e2g\u00e9es et pour les handicap\u00e9s.<\/span><\/p>\n<p><span style=\"font-weight: 400;\">Plus pr\u00e9cis\u00e9ment, \u00e0 compter du 1er janvier 2023, tous les employeurs d\u00e9finis \u00e0 l&rsquo;article 11 de la loi 31\/2018 du 6 d\u00e9cembre sur les relations de travail sont tenus d&rsquo;augmenter, au moins, le salaire des personnes salari\u00e9es qui re\u00e7oivent un salaire fixe brut qui, calcul\u00e9e annuellement et pour le jour ouvr\u00e9 l\u00e9gal ordinaire, est inf\u00e9rieure ou \u00e9gale \u00e0 48.000 euros, selon la formule suivante :<\/span><\/p>\n<p><span style=\"font-weight: 400;\">Si 14 414,40 \u2264 S \u2264 16 800\u00a0<\/span><\/p>\n<p><span style=\"font-weight: 400;\">I=7&rsquo;1<\/span><\/p>\n<p><span style=\"font-weight: 400;\">Si 16 800 &lt; S \u2264 48 000\u00a0<\/span><\/p>\n<p><span style=\"font-weight: 400;\">I= [(-0&rsquo;065*S) + (3 276)]\/312<\/span><\/p>\n<p><span style=\"font-weight: 400;\">I : Pourcentage d&rsquo;augmentation (%), et qui configure l&rsquo;indice de revalorisation des salaires<\/span><\/p>\n<p><span style=\"font-weight: 400;\">S : Salaire fixe brut calcul\u00e9 annuellement et heures l\u00e9gales ordinaires<\/span><\/p>\n\t\t\t\t\t\t\t\t<\/div>\n\t\t\t\t<\/div>\n\t\t\t\t<div class=\"elementor-element elementor-element-2da8cc77 elementor-widget elementor-widget-text-editor\" data-id=\"2da8cc77\" data-element_type=\"widget\" data-widget_type=\"text-editor.default\">\n\t\t\t\t<div class=\"elementor-widget-container\">\n\t\t\t\t\t\t\t\t\t<p><span style=\"font-weight: 400;\">En revanche, si l&rsquo;on se r\u00e9f\u00e8re aux loyers, entre le 1er janvier et le 31 d\u00e9cembre 2023, les loyers des baux d&rsquo;habitation \u00e0 r\u00e9sidence habituelle et permanente sont mis \u00e0 jour : en cas des contrats expir\u00e9s et qui sont en situation de prolongation tacite ou forc\u00e9e \u00e0 partir du 31 d\u00e9cembre 2022 ou avant : il peut \u00eatre major\u00e9 jusqu&rsquo;\u00e0 un maximum de 5 %.<\/span><\/p>\n<p><b>* Il n&rsquo;est pas applicable si les parties ont convenu de r\u00e9silier le contrat dans les conditions pr\u00e9vues par la Loi de Protection, d&rsquo;Animation des March\u00e9s et de Gouvernance.<\/b><\/p>\n<p><span style=\"font-weight: 400;\">Dans le cas des contrats en vigueur depuis au moins un an et donc non prorog\u00e9s : il peut \u00eatre major\u00e9 jusqu&rsquo;\u00e0 un maximum de 2 %.<\/span><\/p>\n<p><span style=\"font-weight: 400;\">Lorsque la majorit\u00e9 a vu l&rsquo;approbation de l&rsquo;augmentation des salaires et des loyers par le Conseil g\u00e9n\u00e9ral, elle s&rsquo;y est oppos\u00e9e car elle consid\u00e9rait comme contradictoire que les salaires augmentent en raison de l&rsquo;am\u00e9lioration du pouvoir d&rsquo;achat des citoyens si les prix des loyers augmentaient \u00e9galement. <\/span><\/p>\n\t\t\t\t\t\t\t\t<\/div>\n\t\t\t\t<\/div>\n\t\t\t\t<div class=\"elementor-element elementor-element-f1f3103 elementor-widget elementor-widget-text-editor\" data-id=\"f1f3103\" data-element_type=\"widget\" data-widget_type=\"text-editor.default\">\n\t\t\t\t<div class=\"elementor-widget-container\">\n\t\t\t\t\t\t\t\t\t<p><span style=\"font-weight: 400;\">Lesquels sont actuellement d\u00e9sorb\u00e9s. Mais le Conseil g\u00e9n\u00e9ral refuse de limiter la hausse des loyers \u00e0 1,25 %<\/span><\/p>\n<p><span style=\"font-weight: 400;\">Nous sommes dans une situation o\u00f9 beaucoup de nos citoyens doivent quitter le pays, car les capacit\u00e9s financi\u00e8res ne sont pas suffisantes pour pouvoir payer l&rsquo;appartement et supporter toutes les d\u00e9penses.<\/span><\/p>\n<p><span style=\"font-weight: 400;\">Puis pour compenser tout cela, il y a d&rsquo;autres mesures pr\u00e9vues en amont ;<\/span><\/p>\n<p><span style=\"font-weight: 400;\">Premi\u00e8rement, des mesures pour am\u00e9liorer le pouvoir d&rsquo;achat telles que ;<\/span><\/p>\n<p><span style=\"font-weight: 400;\">&#8211; Am\u00e9liorer la capacit\u00e9 de consommation<\/span><\/p>\n<p><span style=\"font-weight: 400;\">&#8211; Retrouver du pouvoir d&rsquo;achat<\/span><\/p>\n<p><span style=\"font-weight: 400;\">&#8211; Promouvoir l&rsquo;\u00e9pargne et la durabilit\u00e9<\/span><\/p>\n<p><span style=\"font-weight: 400;\">Aussi une subvention de 150 \u20ac pour le chauffage. Et d&rsquo;autres comme ; l&rsquo;augmentation des salaires, l&rsquo;augmentation des prestations financi\u00e8res des services sociaux, le plan d\u2019\u00e9conomies d&rsquo;\u00e9nergie, la gratuit\u00e9 des transports en commun, la baisse du prix des transports scolaires, l&rsquo;assouplissement des aides aux \u00e9tudes et aux \u00e9tudes sup\u00e9rieures, le remboursement partiel du carburant pour les professionnels et la TVA r\u00e9duite sur les produits de premi\u00e8re n\u00e9cessit\u00e9.<\/span><\/p>\n\t\t\t\t\t\t\t\t<\/div>\n\t\t\t\t<\/div>\n\t\t\t\t<div class=\"elementor-element elementor-element-b830b14 elementor-widget elementor-widget-text-editor\" data-id=\"b830b14\" data-element_type=\"widget\" data-widget_type=\"text-editor.default\">\n\t\t\t\t<div class=\"elementor-widget-container\">\n\t\t\t\t\t\t\t\t\t<p><span style=\"font-weight: 400;\">Deuxi\u00e8mement, les mesures concernant la location ;<\/span><\/p>\n<p><span style=\"font-weight: 400;\">Remarquant l&rsquo;allongement des contrats de location, l&rsquo;assouplissement des conditions d&rsquo;aide au logement, le programme d&rsquo;\u00e9mancipation des jeunes et la cr\u00e9ation de l&rsquo;Institut national du logement.<\/span><\/p>\n<p><span style=\"font-weight: 400;\">En r\u00e9sum\u00e9, \u00e0 l&rsquo;heure actuelle, nous n&rsquo;avons pas encore atteint un point o\u00f9 le salaire et les prix des loyers sont \u00e9quivalents, c&rsquo;est-\u00e0-dire que nous ne pouvons pas encore dire que les citoyens recevant le salaire minimum sont financi\u00e8rement capables de payer un loyer \u00e0 l&rsquo;heure actuelle.<\/span><\/p>\n<p><span style=\"font-weight: 400;\">Mais c&rsquo;est pourquoi de nombreux autres facteurs que nous avons mentionn\u00e9s plus t\u00f4t, sont pr\u00e9sents, pour pouvoir am\u00e9liorer le pouvoir d&rsquo;achat de nos citoyens, et nous esp\u00e9rons qu&rsquo;\u00e0 l&rsquo;avenir, tout s&rsquo;am\u00e9liorera, et nous pourrons tous atteindre la stabilit\u00e9 \u00e9conomique.<\/span><\/p>\n\t\t\t\t\t\t\t\t<\/div>\n\t\t\t\t<\/div>\n\t\t\t\t<div class=\"elementor-element elementor-element-679d3a01 elementor-widget elementor-widget-text-editor\" data-id=\"679d3a01\" data-element_type=\"widget\" data-widget_type=\"text-editor.default\">\n\t\t\t\t<div class=\"elementor-widget-container\">\n\t\t\t\t\t\t\t\t\t<p><b>La Direction<\/b><\/p>\n<p><span style=\"color: #a22d58;\">Aug\u00e9 Legal &amp; Fiscal<\/span><\/p>\n\t\t\t\t\t\t\t\t<\/div>\n\t\t\t\t<\/div>\n\t\t\t\t<div class=\"elementor-element elementor-element-7bd9e55f elementor-widget-divider--view-line elementor-widget elementor-widget-divider\" data-id=\"7bd9e55f\" data-element_type=\"widget\" data-widget_type=\"divider.default\">\n\t\t\t\t<div class=\"elementor-widget-container\">\n\t\t\t\t\t\t\t<div class=\"elementor-divider\">\n\t\t\t<span class=\"elementor-divider-separator\">\n\t\t\t\t\t\t<\/span>\n\t\t<\/div>\n\t\t\t\t\t\t<\/div>\n\t\t\t\t<\/div>\n\t\t\t\t\t<\/div>\n\t\t<\/div>\n\t\t\t\t\t<\/div>\n\t\t<\/section>\n\t\t\t\t<\/div>\n\t\t","protected":false},"excerpt":{"rendered":"<p>Actuellement la question des loyers est une question \u00ab\u00a0boom\u00a0\u00bb en Andorre, et si on les compare aux salaires des citoyens, la plupart des gens s&rsquo;interrogent ; Comment allons-nous payer le loyer ? La nouvelle ann\u00e9e commence avec un salaire minimum de 1.286 euros par mois, avec une augmentation de 7% par rapport \u00e0 la derni\u00e8re, [&hellip;]<\/p>\n","protected":false},"author":1,"featured_media":6002,"comment_status":"closed","ping_status":"open","sticky":false,"template":"","format":"standard","meta":{"_acf_changed":false,"footnotes":""},"categories":[98],"tags":[],"class_list":["post-6019","post","type-post","status-publish","format-standard","has-post-thumbnail","hentry","category-real-estate"],"acf":[],"_links":{"self":[{"href":"https:\/\/www.augelegalfiscal.com\/fr\/wp-json\/wp\/v2\/posts\/6019","targetHints":{"allow":["GET"]}}],"collection":[{"href":"https:\/\/www.augelegalfiscal.com\/fr\/wp-json\/wp\/v2\/posts"}],"about":[{"href":"https:\/\/www.augelegalfiscal.com\/fr\/wp-json\/wp\/v2\/types\/post"}],"author":[{"embeddable":true,"href":"https:\/\/www.augelegalfiscal.com\/fr\/wp-json\/wp\/v2\/users\/1"}],"replies":[{"embeddable":true,"href":"https:\/\/www.augelegalfiscal.com\/fr\/wp-json\/wp\/v2\/comments?post=6019"}],"version-history":[{"count":8,"href":"https:\/\/www.augelegalfiscal.com\/fr\/wp-json\/wp\/v2\/posts\/6019\/revisions"}],"predecessor-version":[{"id":10161,"href":"https:\/\/www.augelegalfiscal.com\/fr\/wp-json\/wp\/v2\/posts\/6019\/revisions\/10161"}],"wp:featuredmedia":[{"embeddable":true,"href":"https:\/\/www.augelegalfiscal.com\/fr\/wp-json\/wp\/v2\/media\/6002"}],"wp:attachment":[{"href":"https:\/\/www.augelegalfiscal.com\/fr\/wp-json\/wp\/v2\/media?parent=6019"}],"wp:term":[{"taxonomy":"category","embeddable":true,"href":"https:\/\/www.augelegalfiscal.com\/fr\/wp-json\/wp\/v2\/categories?post=6019"},{"taxonomy":"post_tag","embeddable":true,"href":"https:\/\/www.augelegalfiscal.com\/fr\/wp-json\/wp\/v2\/tags?post=6019"}],"curies":[{"name":"wp","href":"https:\/\/api.w.org\/{rel}","templated":true}]}}