{"id":12352,"date":"2025-01-24T21:47:42","date_gmt":"2025-01-24T20:47:42","guid":{"rendered":"https:\/\/www.augelegalfiscal.com\/?p=12352"},"modified":"2025-10-15T20:31:58","modified_gmt":"2025-10-15T18:31:58","slug":"prix-appartements-de-luxe-locaux-commerciaux","status":"publish","type":"post","link":"https:\/\/www.augelegalfiscal.com\/fr\/prix-appartements-de-luxe-locaux-commerciaux\/","title":{"rendered":"Analyse des prix records dans les appartements de luxe et locaux commerciaux"},"content":{"rendered":"\n<p>Ces derniers temps, Andorre a connu une augmentation notable des prix de l\u2019immobilier, tant dans le secteur r\u00e9sidentiel que commercial. Alors que les prix au m\u00e8tre carr\u00e9 des appartements de luxe s&rsquo;envolent jusqu&rsquo;\u00e0 10 000 \u20ac, les locations et ventes de locaux commerciaux atteignent elles aussi des chiffres records. Dans cet article, nous analyserons ces deux ph\u00e9nom\u00e8nes et les raisons possibles sur le march\u00e9 immobilier andorran.<\/p>\n\n<div id=\"ez-toc-container\" class=\"ez-toc-v2_0_79_2 counter-hierarchy ez-toc-counter ez-toc-grey ez-toc-container-direction\">\n<div class=\"ez-toc-title-container\">\n<p class=\"ez-toc-title\" style=\"cursor:inherit\">Table des mati\u00e8res<\/p>\n<span class=\"ez-toc-title-toggle\"><a href=\"#\" class=\"ez-toc-pull-right ez-toc-btn ez-toc-btn-xs ez-toc-btn-default ez-toc-toggle\" aria-label=\"Toggle Table of Content\"><span class=\"ez-toc-js-icon-con\"><span class=\"\"><span class=\"eztoc-hide\" style=\"display:none;\">Toggle<\/span><span class=\"ez-toc-icon-toggle-span\"><svg style=\"fill: #8f2b2f;color:#8f2b2f\" xmlns=\"http:\/\/www.w3.org\/2000\/svg\" class=\"list-377408\" width=\"20px\" height=\"20px\" viewBox=\"0 0 24 24\" fill=\"none\"><path d=\"M6 6H4v2h2V6zm14 0H8v2h12V6zM4 11h2v2H4v-2zm16 0H8v2h12v-2zM4 16h2v2H4v-2zm16 0H8v2h12v-2z\" fill=\"currentColor\"><\/path><\/svg><svg style=\"fill: #8f2b2f;color:#8f2b2f\" class=\"arrow-unsorted-368013\" xmlns=\"http:\/\/www.w3.org\/2000\/svg\" width=\"10px\" height=\"10px\" viewBox=\"0 0 24 24\" version=\"1.2\" baseProfile=\"tiny\"><path d=\"M18.2 9.3l-6.2-6.3-6.2 6.3c-.2.2-.3.4-.3.7s.1.5.3.7c.2.2.4.3.7.3h11c.3 0 .5-.1.7-.3.2-.2.3-.5.3-.7s-.1-.5-.3-.7zM5.8 14.7l6.2 6.3 6.2-6.3c.2-.2.3-.5.3-.7s-.1-.5-.3-.7c-.2-.2-.4-.3-.7-.3h-11c-.3 0-.5.1-.7.3-.2.2-.3.5-.3.7s.1.5.3.7z\"\/><\/svg><\/span><\/span><\/span><\/a><\/span><\/div>\n<nav><ul class='ez-toc-list ez-toc-list-level-1 eztoc-toggle-hide-by-default' ><li class='ez-toc-page-1 ez-toc-heading-level-2'><a class=\"ez-toc-link ez-toc-heading-1\" href=\"https:\/\/www.augelegalfiscal.com\/fr\/prix-appartements-de-luxe-locaux-commerciaux\/#Des_prix_records_pour_les_appartements_de_luxe\" >Des prix records pour les appartements de luxe :<\/a><\/li><li class='ez-toc-page-1 ez-toc-heading-level-2'><a class=\"ez-toc-link ez-toc-heading-2\" href=\"https:\/\/www.augelegalfiscal.com\/fr\/prix-appartements-de-luxe-locaux-commerciaux\/#Le_marche_des_locaux_commerciaux_avec_egalement_des_prix_record\" >Le march\u00e9 des locaux commerciaux avec \u00e9galement des prix record :<\/a><\/li><li class='ez-toc-page-1 ez-toc-heading-level-2'><a class=\"ez-toc-link ez-toc-heading-3\" href=\"https:\/\/www.augelegalfiscal.com\/fr\/prix-appartements-de-luxe-locaux-commerciaux\/#Facteurs_communs\" >Facteurs communs<\/a><\/li><li class='ez-toc-page-1 ez-toc-heading-level-2'><a class=\"ez-toc-link ez-toc-heading-4\" href=\"https:\/\/www.augelegalfiscal.com\/fr\/prix-appartements-de-luxe-locaux-commerciaux\/#Impact_sur_le_marche_immobilier_local\" >Impact sur le march\u00e9 immobilier local<\/a><\/li><li class='ez-toc-page-1 ez-toc-heading-level-2'><a class=\"ez-toc-link ez-toc-heading-5\" href=\"https:\/\/www.augelegalfiscal.com\/fr\/prix-appartements-de-luxe-locaux-commerciaux\/#Conclusion\" >Conclusion:<\/a><\/li><\/ul><\/nav><\/div>\n<h2 class=\"wp-block-heading\"><span class=\"ez-toc-section\" id=\"Des_prix_records_pour_les_appartements_de_luxe\"><\/span><h2><strong>Des prix records pour les appartements de luxe :<\/strong><span class=\"ez-toc-section-end\"><\/span><\/h2><\/h2>\n\n<p>Selon un article r\u00e9cent, le prix au m\u00e8tre carr\u00e9 des appartements de luxe en Andorre a atteint des chiffres impressionnants, d\u00e9passant les 10 000 \u20ac dans certaines zones exclusives. Cette augmentation est directement li\u00e9e \u00e0 la demande croissante de biens haut de gamme de la part des acheteurs \u00e9trangers, attir\u00e9s par la qualit\u00e9 de vie du pays et sa fiscalit\u00e9 avantageuse. Ce ph\u00e9nom\u00e8ne transforme le march\u00e9 immobilier andorran et consolide le pays comme une destination de luxe.<\/p>\n\n<h2 class=\"wp-block-heading\"><span class=\"ez-toc-section\" id=\"Le_marche_des_locaux_commerciaux_avec_egalement_des_prix_record\"><\/span><h2><strong>Le march\u00e9 des locaux commerciaux avec \u00e9galement des prix record :<\/strong><span class=\"ez-toc-section-end\"><\/span><\/h2><\/h2>\n\n<p>De m\u00eame, les prix de vente et de location des locaux commerciaux en principaut\u00e9 atteignent des niveaux historiques. Certaines entreprises cherchent \u00e0 s\u2019implanter dans des endroits strat\u00e9giques, ce qui peut avoir fait grimper les prix de location et d\u2019achat.<\/p>\n\n<h2 class=\"wp-block-heading\"><span class=\"ez-toc-section\" id=\"Facteurs_communs\"><\/span><h2><strong>Facteurs communs<\/strong><span class=\"ez-toc-section-end\"><\/span><\/h2><\/h2>\n\n<p>L\u2019augmentation des prix des locaux commerciaux et des appartements de luxe n\u2019est pas une co\u00efncidence. Les deux secteurs sont anim\u00e9s par des facteurs similaires :<\/p>\n\n<ul class=\"wp-block-list\">\n<li>Stabilit\u00e9 \u00e9conomique d&rsquo;Andorre<\/li>\n\n\n\n<li>Avantages fiscaux<\/li>\n\n\n\n<li>Forte demande internationale.<\/li>\n<\/ul>\n\n<p><\/p>\n\n<p>De plus, l&rsquo;attrait touristique du pays reste une destination recherch\u00e9e, avec un flux constant de personnes int\u00e9ress\u00e9es \u00e0 investir dans l&rsquo;immobilier.<\/p>\n\n<h2 class=\"wp-block-heading\"><span class=\"ez-toc-section\" id=\"Impact_sur_le_marche_immobilier_local\"><\/span><h2><strong>Impact sur le march\u00e9 immobilier local<\/strong><span class=\"ez-toc-section-end\"><\/span><\/h2><\/h2>\n\n<p>Bien que cela puisse \u00eatre positif pour les investisseurs et les propri\u00e9taires immobiliers, cela pose \u00e9galement des d\u00e9fis aux r\u00e9sidents locaux qui peuvent \u00eatre exclus de l\u2019acc\u00e8s aux propri\u00e9t\u00e9s de luxe ou aux locaux commerciaux \u00e0 prix raisonnable. Cette situation pourrait cr\u00e9er une inad\u00e9quation entre l\u2019offre et la demande, affectant particuli\u00e8rement les petites entreprises et les familles \u00e0 la recherche de logements plus abordables.<\/p>\n\n<h2 class=\"wp-block-heading\"><span class=\"ez-toc-section\" id=\"Conclusion\"><\/span><h2><strong>Conclusion:<\/strong><span class=\"ez-toc-section-end\"><\/span><\/h2><\/h2>\n\n<p>Le march\u00e9 immobilier andorran conna\u00eet une p\u00e9riode de croissance sans pr\u00e9c\u00e9dent. La hausse des prix refl\u00e8te une \u00e9conomie en plein essor et un march\u00e9 de plus en plus attractif pour les investisseurs. Il sera toutefois important d\u2019observer comment cette dynamique affecte l\u2019acc\u00e8s des r\u00e9sidents locaux au logement et aux entreprises \u00e0 long terme, ainsi que l\u2019\u00e9quilibre entre d\u00e9veloppement \u00e9conomique et durabilit\u00e9 sociale.<\/p>\n\n<p>Que pensez-vous du march\u00e9 immobilier en Andorre ? Pensez-vous que cela aura un impact \u00e0 long terme sur l\u2019\u00e9conomie ? Laissez-nous votre commentaire !<\/p>\n\n<p><\/p>\n","protected":false},"excerpt":{"rendered":"<p>Ces derniers temps, Andorre a connu une augmentation notable des prix de l\u2019immobilier, tant dans le secteur r\u00e9sidentiel que commercial. Alors que les prix au m\u00e8tre carr\u00e9 des appartements de luxe s&rsquo;envolent jusqu&rsquo;\u00e0 10 000 \u20ac, les locations et ventes de locaux commerciaux atteignent elles aussi des chiffres records. Dans cet article, nous analyserons ces [&hellip;]<\/p>\n","protected":false},"author":1,"featured_media":12381,"comment_status":"closed","ping_status":"open","sticky":false,"template":"","format":"standard","meta":{"_acf_changed":false,"footnotes":""},"categories":[106],"tags":[],"class_list":["post-12352","post","type-post","status-publish","format-standard","has-post-thumbnail","hentry","category-actualite"],"acf":[],"_links":{"self":[{"href":"https:\/\/www.augelegalfiscal.com\/fr\/wp-json\/wp\/v2\/posts\/12352","targetHints":{"allow":["GET"]}}],"collection":[{"href":"https:\/\/www.augelegalfiscal.com\/fr\/wp-json\/wp\/v2\/posts"}],"about":[{"href":"https:\/\/www.augelegalfiscal.com\/fr\/wp-json\/wp\/v2\/types\/post"}],"author":[{"embeddable":true,"href":"https:\/\/www.augelegalfiscal.com\/fr\/wp-json\/wp\/v2\/users\/1"}],"replies":[{"embeddable":true,"href":"https:\/\/www.augelegalfiscal.com\/fr\/wp-json\/wp\/v2\/comments?post=12352"}],"version-history":[{"count":6,"href":"https:\/\/www.augelegalfiscal.com\/fr\/wp-json\/wp\/v2\/posts\/12352\/revisions"}],"predecessor-version":[{"id":12394,"href":"https:\/\/www.augelegalfiscal.com\/fr\/wp-json\/wp\/v2\/posts\/12352\/revisions\/12394"}],"wp:featuredmedia":[{"embeddable":true,"href":"https:\/\/www.augelegalfiscal.com\/fr\/wp-json\/wp\/v2\/media\/12381"}],"wp:attachment":[{"href":"https:\/\/www.augelegalfiscal.com\/fr\/wp-json\/wp\/v2\/media?parent=12352"}],"wp:term":[{"taxonomy":"category","embeddable":true,"href":"https:\/\/www.augelegalfiscal.com\/fr\/wp-json\/wp\/v2\/categories?post=12352"},{"taxonomy":"post_tag","embeddable":true,"href":"https:\/\/www.augelegalfiscal.com\/fr\/wp-json\/wp\/v2\/tags?post=12352"}],"curies":[{"name":"wp","href":"https:\/\/api.w.org\/{rel}","templated":true}]}}