{"id":8953,"date":"2023-08-30T12:30:17","date_gmt":"2023-08-30T10:30:17","guid":{"rendered":"https:\/\/www.augelegalfiscal.com\/actualidad\/premiere-partie-de-l-interview-el-periodic\/"},"modified":"2023-08-30T12:30:17","modified_gmt":"2023-08-30T10:30:17","slug":"premiere-partie-de-l-interview-el-periodic","status":"publish","type":"actualidad","link":"https:\/\/www.augelegalfiscal.com\/fr\/actualidad\/premiere-partie-de-l-interview-el-periodic\/","title":{"rendered":"Premi\u00e8re partie de l&rsquo;interview de Pere Aug\u00e9, PDG et fondateur du groupe Aug\u00e9 Holding, au journal El Peri\u00f3dic et au portail d&rsquo;actualit\u00e9s All Andorra"},"content":{"rendered":"<p>L\u2019investissement \u00e9tranger repr\u00e9sente environ 18 % du PIB d\u2019Andorre, dit Pere Aug\u00e9, PDG et associ\u00e9 fondateur de l\u2019entreprise Aug\u00e9 Holding Group.<\/p>\n","protected":false},"excerpt":{"rendered":"<p>L\u2019investissement \u00e9tranger repr\u00e9sente environ 18 % du PIB d\u2019Andorre, dit Pere Aug\u00e9, PDG et associ\u00e9 fondateur de l\u2019entreprise Aug\u00e9 Holding Group.<\/p>\n","protected":false},"featured_media":0,"menu_order":0,"template":"","meta":{"_acf_changed":false,"footnotes":""},"class_list":["post-8953","actualidad","type-actualidad","status-publish","hentry"],"acf":[],"_links":{"self":[{"href":"https:\/\/www.augelegalfiscal.com\/fr\/wp-json\/wp\/v2\/actualidad\/8953","targetHints":{"allow":["GET"]}}],"collection":[{"href":"https:\/\/www.augelegalfiscal.com\/fr\/wp-json\/wp\/v2\/actualidad"}],"about":[{"href":"https:\/\/www.augelegalfiscal.com\/fr\/wp-json\/wp\/v2\/types\/actualidad"}],"version-history":[{"count":0,"href":"https:\/\/www.augelegalfiscal.com\/fr\/wp-json\/wp\/v2\/actualidad\/8953\/revisions"}],"wp:attachment":[{"href":"https:\/\/www.augelegalfiscal.com\/fr\/wp-json\/wp\/v2\/media?parent=8953"}],"curies":[{"name":"wp","href":"https:\/\/api.w.org\/{rel}","templated":true}]}}