{"id":10108,"date":"2024-02-21T11:18:25","date_gmt":"2024-02-21T10:18:25","guid":{"rendered":"https:\/\/www.augelegalfiscal.com\/actualidad\/les-entrepreneurs-qui-gagnent-moins-de-150-000-euros-nauront-pas-a-deposer-leurs-comptes-avant-2025\/"},"modified":"2024-02-21T11:18:25","modified_gmt":"2024-02-21T10:18:25","slug":"les-entrepreneurs-qui-gagnent-moins-de-150-000-euros-nauront-pas-a-deposer-leurs-comptes-avant-2025","status":"publish","type":"actualidad","link":"https:\/\/www.augelegalfiscal.com\/fr\/actualidad\/les-entrepreneurs-qui-gagnent-moins-de-150-000-euros-nauront-pas-a-deposer-leurs-comptes-avant-2025\/","title":{"rendered":"Les entrepreneurs qui gagnent moins de 150 000 euros n&rsquo;auront pas \u00e0 d\u00e9poser leurs comptes avant 2025"},"content":{"rendered":"<p><span style=\"font-weight: 400;\">La ministre de la Pr\u00e9sidence, de l&rsquo;\u00c9conomie, du Travail et du Logement, Conxita Marsol, a annonc\u00e9 le 30 janvier dernier quelques nouveaut\u00e9s relatives au d\u00e9p\u00f4t des comptes annuels des entrepreneurs.\u00a0<\/span><\/p>\n<p><span style=\"font-weight: 400;\">La ministre a expliqu\u00e9 lors d&rsquo;une conf\u00e9rence de presse que les entrepreneurs exer\u00e7ant une activit\u00e9 commerciale en tant que personne physique et dont le chiffre d&rsquo;affaires annuel est inf\u00e9rieur \u00e0 150 000,00 euros b\u00e9n\u00e9ficieront d&rsquo;un d\u00e9lai suppl\u00e9mentaire d&rsquo;un an pour d\u00e9poser leurs comptes annuels, et n&rsquo;auront donc pas \u00e0 le faire avant 2025, lorsqu&rsquo;ils pr\u00e9senteront les comptes de 2024.\u00a0<\/span><\/p>\n<p><span style=\"font-weight: 400;\">Cette mesure concernera plus de 5 600 entrepreneurs. Cette mesure, qui comprend \u00e9galement la r\u00e9vision des mod\u00e8les de d\u00e9claration normale et simplifi\u00e9e afin de simplifier le mod\u00e8le qui sera appliqu\u00e9 \u00e0 partir de l&rsquo;ann\u00e9e prochaine, a \u00e9t\u00e9 concert\u00e9e avec le Coll\u00e8ge Officiel des \u00c9conomistes (COEA), la Chambre de Commerce, d&rsquo;Industrie et de Services (CCIS) et l&rsquo;Association des Conseillers Fiscaux et Fiscaux, car ils avaient demand\u00e9 de mani\u00e8re insistante \u00e0 r\u00e9duire les co\u00fbts de ces proc\u00e9dures pour les petits entrepreneurs.<\/span><\/p>\n<p><span style=\"font-weight: 400;\">\u00a0Il est \u00e9galement pr\u00e9vu de s\u00e9parer l&rsquo;aspect statistique des comptes des entreprises, qui est actuellement pr\u00e9sent\u00e9 conjointement. Cette nouvelle viendrait annuler ce qui avait \u00e9t\u00e9 indiqu\u00e9 dans la disposition additionnelle de la Loi 17\/2022 sur les mesures pour am\u00e9liorer le pouvoir d&rsquo;achat des citoyens.\u00a0<\/span><\/p>\n<p><span style=\"font-weight: 400;\">Ce que cette disposition stipule est l&rsquo;obligation de d\u00e9p\u00f4t des comptes pour les entrepreneurs, autres que les soci\u00e9t\u00e9s anonymes ou \u00e0 responsabilit\u00e9 limit\u00e9e, avec un chiffre d&rsquo;affaires annuel total inf\u00e9rieur \u00e0 150 000,00 euros, qui deviendrait applicable pour les exercices commen\u00e7ant \u00e0 partir du 1er janvier 2023.\u00a0<\/span><\/p>\n<p><span style=\"font-weight: 400;\">Il convient d&rsquo;ajouter que cette information a \u00e9t\u00e9 publi\u00e9e de mani\u00e8re compl\u00e8tement intempestive apr\u00e8s avoir confirm\u00e9 que cette formalit\u00e9 deviendrait obligatoire pour l&rsquo;ann\u00e9e 2023. Cette nouveaut\u00e9 sera r\u00e9glement\u00e9e dans l&rsquo;une des dispositions finales de la Loi de Finances que le Conseil G\u00e9n\u00e9ral.\u00a0<\/span><\/p>\n<p><span style=\"font-weight: 400;\">Nous tenons \u00e0 souligner et \u00e0 insister sur le fait que, jusqu&rsquo;\u00e0 pr\u00e9sent, elle n&rsquo;a pas encore \u00e9t\u00e9 publi\u00e9e dans le Bulletin Officiel de la Principaut\u00e9 d&rsquo;Andorre.\u00a0<\/span><\/p>\n<p><span style=\"font-weight: 400;\">Depuis l&rsquo;\u00e9quipe d&rsquo;Aug\u00e9 Accountants, nous souhaitons informer nos clients que, bien que cette formalit\u00e9 ne devienne pas une obligation pour l&rsquo;exercice pr\u00e9c\u00e9dent de 2023, elle reste une formalit\u00e9 qui devrait accompagner la d\u00e9claration de l&rsquo;imp\u00f4t sur le revenu des personnes physiques exer\u00e7ant une activit\u00e9 \u00e9conomique conform\u00e9ment \u00e0 la Loi 30\/2007 sur la comptabilit\u00e9 des entrepreneurs.<\/span><\/p>\n","protected":false},"excerpt":{"rendered":"<p>La ministre de la Pr\u00e9sidence, de l&rsquo;\u00c9conomie, du Travail et du Logement, Conxita Marsol, a annonc\u00e9 le 30 janvier dernier quelques nouveaut\u00e9s relatives au d\u00e9p\u00f4t des comptes annuels des entrepreneurs.\u00a0 La ministre a expliqu\u00e9 lors d&rsquo;une conf\u00e9rence de presse que les entrepreneurs exer\u00e7ant une activit\u00e9 commerciale en tant que personne physique et dont le chiffre [&hellip;]<\/p>\n","protected":false},"featured_media":0,"menu_order":0,"template":"","meta":{"_acf_changed":false,"footnotes":""},"class_list":["post-10108","actualidad","type-actualidad","status-publish","hentry"],"acf":[],"_links":{"self":[{"href":"https:\/\/www.augelegalfiscal.com\/fr\/wp-json\/wp\/v2\/actualidad\/10108","targetHints":{"allow":["GET"]}}],"collection":[{"href":"https:\/\/www.augelegalfiscal.com\/fr\/wp-json\/wp\/v2\/actualidad"}],"about":[{"href":"https:\/\/www.augelegalfiscal.com\/fr\/wp-json\/wp\/v2\/types\/actualidad"}],"version-history":[{"count":0,"href":"https:\/\/www.augelegalfiscal.com\/fr\/wp-json\/wp\/v2\/actualidad\/10108\/revisions"}],"wp:attachment":[{"href":"https:\/\/www.augelegalfiscal.com\/fr\/wp-json\/wp\/v2\/media?parent=10108"}],"curies":[{"name":"wp","href":"https:\/\/api.w.org\/{rel}","templated":true}]}}