{"id":6036,"date":"2023-02-03T10:58:33","date_gmt":"2023-02-03T09:58:33","guid":{"rendered":"https:\/\/www.augelegalfiscal.com\/andorra-a-la-recerca-d-inversio-exterior-qualificada\/"},"modified":"2023-02-03T11:26:21","modified_gmt":"2023-02-03T10:26:21","slug":"andorra-a-la-recerca-d-inversio-exterior-qualificada","status":"publish","type":"post","link":"https:\/\/www.augelegalfiscal.com\/ca\/andorra-a-la-recerca-d-inversio-exterior-qualificada\/","title":{"rendered":"Andorra: a la recerca d\u2019inversi\u00f3 exterior qualificada"},"content":{"rendered":"\t\t<div data-elementor-type=\"wp-post\" data-elementor-id=\"6036\" class=\"elementor elementor-6036\" data-elementor-post-type=\"post\">\n\t\t\t\t\t\t<section class=\"elementor-section elementor-top-section elementor-element elementor-element-551fa94d elementor-section-boxed elementor-section-height-default elementor-section-height-default\" data-id=\"551fa94d\" data-element_type=\"section\" data-settings=\"{&quot;background_background&quot;:&quot;classic&quot;}\">\n\t\t\t\t\t\t<div class=\"elementor-container elementor-column-gap-default\">\n\t\t\t\t\t<div class=\"elementor-column elementor-col-100 elementor-top-column elementor-element elementor-element-2445a197\" data-id=\"2445a197\" data-element_type=\"column\">\n\t\t\t<div class=\"elementor-widget-wrap elementor-element-populated\">\n\t\t\t\t\t\t<div class=\"elementor-element elementor-element-29c88c elementor-widget elementor-widget-heading\" data-id=\"29c88c\" data-element_type=\"widget\" data-widget_type=\"heading.default\">\n\t\t\t\t<div class=\"elementor-widget-container\">\n\t\t\t\t\t<div id=\"ez-toc-container\" class=\"ez-toc-v2_0_79_2 counter-hierarchy ez-toc-counter ez-toc-grey ez-toc-container-direction\">\n<div class=\"ez-toc-title-container\">\n<p class=\"ez-toc-title\" style=\"cursor:inherit\">Taula de continguts<\/p>\n<span class=\"ez-toc-title-toggle\"><a href=\"#\" class=\"ez-toc-pull-right ez-toc-btn ez-toc-btn-xs ez-toc-btn-default ez-toc-toggle\" aria-label=\"Toggle Table of Content\"><span class=\"ez-toc-js-icon-con\"><span class=\"\"><span class=\"eztoc-hide\" style=\"display:none;\">Toggle<\/span><span class=\"ez-toc-icon-toggle-span\"><svg style=\"fill: #8f2b2f;color:#8f2b2f\" xmlns=\"http:\/\/www.w3.org\/2000\/svg\" class=\"list-377408\" width=\"20px\" height=\"20px\" viewBox=\"0 0 24 24\" fill=\"none\"><path d=\"M6 6H4v2h2V6zm14 0H8v2h12V6zM4 11h2v2H4v-2zm16 0H8v2h12v-2zM4 16h2v2H4v-2zm16 0H8v2h12v-2z\" fill=\"currentColor\"><\/path><\/svg><svg style=\"fill: #8f2b2f;color:#8f2b2f\" class=\"arrow-unsorted-368013\" xmlns=\"http:\/\/www.w3.org\/2000\/svg\" width=\"10px\" height=\"10px\" viewBox=\"0 0 24 24\" version=\"1.2\" baseProfile=\"tiny\"><path d=\"M18.2 9.3l-6.2-6.3-6.2 6.3c-.2.2-.3.4-.3.7s.1.5.3.7c.2.2.4.3.7.3h11c.3 0 .5-.1.7-.3.2-.2.3-.5.3-.7s-.1-.5-.3-.7zM5.8 14.7l6.2 6.3 6.2-6.3c.2-.2.3-.5.3-.7s-.1-.5-.3-.7c-.2-.2-.4-.3-.7-.3h-11c-.3 0-.5.1-.7.3-.2.2-.3.5-.3.7s.1.5.3.7z\"\/><\/svg><\/span><\/span><\/span><\/a><\/span><\/div>\n<nav><ul class='ez-toc-list ez-toc-list-level-1 eztoc-toggle-hide-by-default' ><li class='ez-toc-page-1 ez-toc-heading-level-1'><a class=\"ez-toc-link ez-toc-heading-1\" href=\"https:\/\/www.augelegalfiscal.com\/ca\/andorra-a-la-recerca-d-inversio-exterior-qualificada\/#Andorra_a_la_recerca_dinversio_exterior_qualificada\" >Andorra: a la recerca d\u2019inversi\u00f3 exterior qualificada<\/a><\/li><\/ul><\/nav><\/div>\n<h1 class=\"elementor-heading-title elementor-size-default\"><span class=\"ez-toc-section\" id=\"Andorra_a_la_recerca_dinversio_exterior_qualificada\"><\/span>Andorra: a la recerca d\u2019inversi\u00f3 exterior qualificada<span class=\"ez-toc-section-end\"><\/span><\/h1>\t\t\t\t<\/div>\n\t\t\t\t<\/div>\n\t\t\t\t<div class=\"elementor-element elementor-element-3aab7492 elementor-widget elementor-widget-text-editor\" data-id=\"3aab7492\" data-element_type=\"widget\" data-widget_type=\"text-editor.default\">\n\t\t\t\t<div class=\"elementor-widget-container\">\n\t\t\t\t\t\t\t\t\tAvui ning\u00fa dubta que l\u2019obertura a la inversi\u00f3 exterior d\u2019Andorra iniciada al 2012 ha tingut una evoluci\u00f3 molt positiva i a dia d\u2019avui representa ja el 18 % del PIB del pa\u00eds. S\u00f3n diverses les raons d\u2019aquest \u00e8xit i m\u00e9s enll\u00e0 d\u2019un competitiu i homologat sistema fiscal, la qualitat de vida al pa\u00eds \u00e9s incomparable en molts sentits i aquest factor ha fet decidir a molts a escollir aquest petit pa\u00eds per a emprendre un nou projecte traslladant-hi la seva resid\u00e8ncia. Res feia preveure fa uns anys que Andorra s\u2019arribaria a plantejar posar fre a l\u2019arribada de nous residents a la vista de la sobresaturaci\u00f3 de demandes en tal sentit i als efectes que produ\u00efa en el mercat andorr\u00e0. El cas de la manca d\u2019oferta d\u2019habitatges n\u2019ha esdevingut el m\u00e0xim exponent i aix\u00f2 ha provocat que la poblaci\u00f3 aut\u00f2ctona vegi agreujat encara m\u00e9s el problema de trobar on viure a part del efecte inflacionista evident quan la demanda \u00e9s molt superior a l\u2019oferta.\t\t\t\t\t\t\t\t<\/div>\n\t\t\t\t<\/div>\n\t\t\t\t<div class=\"elementor-element elementor-element-3594a037 elementor-widget elementor-widget-text-editor\" data-id=\"3594a037\" data-element_type=\"widget\" data-widget_type=\"text-editor.default\">\n\t\t\t\t<div class=\"elementor-widget-container\">\n\t\t\t\t\t\t\t\t\tA la vista de la situaci\u00f3, el Govern andorr\u00e0 s\u2019ha vist obligat a reaccionar i, sense renunciar a l\u2019arribada de nous inversors exteriors, que segueix sent molt ben valorada pels positius efectes que ha tingut i segueix tenint a l\u2019economia andorrana, ha hagut de modificar la normativa en un doble sentit: per una banda, decantant-se pels inversors que arribin per desenvolupar l\u2019economia digital, l\u2019emprenedoria i la innovaci\u00f3, als quals se\u2019ls crea un marc regulador que aporti facilitats i seguretat jur\u00eddica, i per l\u2019altra banda, endurint les condicions econ\u00f2miques m\u00ednimes per la resta, tant a empresaris com a patrimonialistes estrangers, a uns incrementant la fian\u00e7a a l\u2019AFA fins els <strong>50.000.- \u20ac<\/strong> i als altres incrementant la quantitat m\u00ednima a invertir fins els <strong>600.000.- \u20ac<\/strong>.\t\t\t\t\t\t\t\t<\/div>\n\t\t\t\t<\/div>\n\t\t\t\t<div class=\"elementor-element elementor-element-2956c87f elementor-widget elementor-widget-text-editor\" data-id=\"2956c87f\" data-element_type=\"widget\" data-widget_type=\"text-editor.default\">\n\t\t\t\t<div class=\"elementor-widget-container\">\n\t\t\t\t\t\t\t\t\tEn concret, es creen dues modalitats de resid\u00e8ncia: una per a <strong>n\u00f2mades digitals<\/strong>, que no necessitin una ubicaci\u00f3 geogr\u00e0fica concreta per a desenvolupar la seva feina, i sigui per compte propi o compte ali\u00e8, i es creen els <strong>visats per a emprenedors<\/strong>, que s\u00f3n autoritzacions per part del Ministeri d\u2019Economia per aquells casos en qu\u00e8 s\u2019hagi participat del programa concret per a emprenedors impulsat per dit Ministeri. En uns i altres casos, queden <strong>exonerats<\/strong> de la fian\u00e7a de 50.000.- \u20ac i el temps m\u00ednim de resid\u00e8ncia queda redu\u00eft als <strong>90 dies.<\/strong>\t\t\t\t\t\t\t\t<\/div>\n\t\t\t\t<\/div>\n\t\t\t\t<div class=\"elementor-element elementor-element-702086e0 elementor-widget elementor-widget-text-editor\" data-id=\"702086e0\" data-element_type=\"widget\" data-widget_type=\"text-editor.default\">\n\t\t\t\t<div class=\"elementor-widget-container\">\n\t\t\t\t\t\t\t\t\tContr\u00e0riament, en el cas de les resid\u00e8ncies no lucratives, s\u2019augmenta l\u2019obligaci\u00f3 d\u2019inversi\u00f3 m\u00ednima fins els 600.000.- \u20ac i amb la particularitat de qu\u00e8 si s\u2019opta per invertir en <strong>immobles<\/strong>, que almenys tinguin un valor de <strong>400.000.- \u20ac.<\/strong> Justament, aquesta mesura va encaminada a evitar l\u2019especulaci\u00f3 en determinats actius immobiliaris de menor valor i afavorir que siguin accessibles per la resta de la poblaci\u00f3. Addicionalment, es permet que la quantitat m\u00ednima a invertir sigui de 400.000.- \u20ac en cas de destinar-los a una inversi\u00f3 en el <strong>fons immobiliari creat pel Govern<\/strong> i quin objectiu es construir o rehabilitat habitatges a preu assequible per aquella part de la poblaci\u00f3 que ho demanda.\t\t\t\t\t\t\t\t<\/div>\n\t\t\t\t<\/div>\n\t\t\t\t<div class=\"elementor-element elementor-element-747f07b0 elementor-widget elementor-widget-text-editor\" data-id=\"747f07b0\" data-element_type=\"widget\" data-widget_type=\"text-editor.default\">\n\t\t\t\t<div class=\"elementor-widget-container\">\n\t\t\t\t\t\t\t\t\tA efectes pr\u00e0ctics, potser els canvis de conseq\u00fc\u00e8ncies m\u00e9s constatables s\u00f3n l\u2019increment de la fian\u00e7a a l\u2019AFA de <strong>15.000.- \u20ac a 50.000.- \u20ac<\/strong> i l\u2019increment del percentatge de capital m\u00ednim fins el <strong>34 %<\/strong> per la resta de sup\u00f2sits a enquadrar en la modalitat de <strong>resid\u00e8ncies per compte propi<\/strong>, emprenedors o empresaris que si encara aposten per Andorra es veuran obligats a immobilitzar 50.000.- \u20ac, cosa que en alguns casos, pot tenir efectes dissuasius.\t\t\t\t\t\t\t\t<\/div>\n\t\t\t\t<\/div>\n\t\t\t\t<div class=\"elementor-element elementor-element-480eacd elementor-widget elementor-widget-text-editor\" data-id=\"480eacd\" data-element_type=\"widget\" data-widget_type=\"text-editor.default\">\n\t\t\t\t<div class=\"elementor-widget-container\">\n\t\t\t\t\t\t\t\t\tEn tot cas, hem de comprendre que malgrat el tradicional esperit acollidor d\u2019Andorra, mecanismes com els descrits poden esdevenir \u00fatils per seleccionar aquells casos en qu\u00e8 veritablement l\u2019aposta per aquest exit\u00f3s escenari andorr\u00e0 es ferma i aporta un valor diferencial. Entretant, les autoritats s\u2019han de seguir esfor\u00e7ant per a impulsar noves pol\u00edtiques a nivell immobiliari que millorin l\u2019accessibilitat a un habitatge digne per a la poblaci\u00f3 del pa\u00eds que ho necessita. Qui sap si al final, sigui la iniciativa p\u00fablica i\/o la iniciativa privada, nacional o internacional, es pot resoldre aquesta manca d\u2019oferta d\u2019habitatge, per\u00f2 resulta evident que cal seguir atents a les necessitats d\u2019una ciutadania que ho mereix, vingui d\u2019on vingui, doncs tots, uns i altres contribueixen a fer gran aquest meravell\u00f3s pa\u00eds.\t\t\t\t\t\t\t\t<\/div>\n\t\t\t\t<\/div>\n\t\t\t\t<div class=\"elementor-element elementor-element-6ae27c79 elementor-widget elementor-widget-text-editor\" data-id=\"6ae27c79\" data-element_type=\"widget\" data-widget_type=\"text-editor.default\">\n\t\t\t\t<div class=\"elementor-widget-container\">\n\t\t\t\t\t\t\t\t\t<b>La Direcci\u00f3<\/b>\t\t\t\t\t\t\t\t<\/div>\n\t\t\t\t<\/div>\n\t\t\t\t<div class=\"elementor-element elementor-element-628abc4 elementor-widget elementor-widget-text-editor\" data-id=\"628abc4\" data-element_type=\"widget\" data-widget_type=\"text-editor.default\">\n\t\t\t\t<div class=\"elementor-widget-container\">\n\t\t\t\t\t\t\t\t\t<p><span style=\"color: #a22d58;\">Aug\u00e9 Legal &amp; Fiscal<\/span><\/p>\t\t\t\t\t\t\t\t<\/div>\n\t\t\t\t<\/div>\n\t\t\t\t<div class=\"elementor-element elementor-element-be6fa11 elementor-widget-divider--view-line elementor-widget elementor-widget-divider\" data-id=\"be6fa11\" data-element_type=\"widget\" data-widget_type=\"divider.default\">\n\t\t\t\t<div class=\"elementor-widget-container\">\n\t\t\t\t\t\t\t<div class=\"elementor-divider\">\n\t\t\t<span class=\"elementor-divider-separator\">\n\t\t\t\t\t\t<\/span>\n\t\t<\/div>\n\t\t\t\t\t\t<\/div>\n\t\t\t\t<\/div>\n\t\t\t\t\t<\/div>\n\t\t<\/div>\n\t\t\t\t\t<\/div>\n\t\t<\/section>\n\t\t\t\t<\/div>\n\t\t","protected":false},"excerpt":{"rendered":"<p>Avui ning\u00fa dubta que l\u2019obertura a la inversi\u00f3 exterior d\u2019Andorra iniciada al 2012 ha tingut una evoluci\u00f3 molt positiva i a dia d\u2019avui representa ja el 18 % del PIB del pa\u00eds. S\u00f3n diverses les raons d\u2019aquest \u00e8xit i m\u00e9s enll\u00e0 d\u2019un competitiu i homologat sistema fiscal, la qualitat de vida al pa\u00eds \u00e9s incomparable [&hellip;]<\/p>\n","protected":false},"author":1,"featured_media":6031,"comment_status":"closed","ping_status":"open","sticky":false,"template":"","format":"standard","meta":{"_acf_changed":false,"footnotes":""},"categories":[9],"tags":[],"class_list":["post-6036","post","type-post","status-publish","format-standard","has-post-thumbnail","hentry","category-auge"],"acf":[],"_links":{"self":[{"href":"https:\/\/www.augelegalfiscal.com\/ca\/wp-json\/wp\/v2\/posts\/6036","targetHints":{"allow":["GET"]}}],"collection":[{"href":"https:\/\/www.augelegalfiscal.com\/ca\/wp-json\/wp\/v2\/posts"}],"about":[{"href":"https:\/\/www.augelegalfiscal.com\/ca\/wp-json\/wp\/v2\/types\/post"}],"author":[{"embeddable":true,"href":"https:\/\/www.augelegalfiscal.com\/ca\/wp-json\/wp\/v2\/users\/1"}],"replies":[{"embeddable":true,"href":"https:\/\/www.augelegalfiscal.com\/ca\/wp-json\/wp\/v2\/comments?post=6036"}],"version-history":[{"count":1,"href":"https:\/\/www.augelegalfiscal.com\/ca\/wp-json\/wp\/v2\/posts\/6036\/revisions"}],"predecessor-version":[{"id":6037,"href":"https:\/\/www.augelegalfiscal.com\/ca\/wp-json\/wp\/v2\/posts\/6036\/revisions\/6037"}],"wp:featuredmedia":[{"embeddable":true,"href":"https:\/\/www.augelegalfiscal.com\/ca\/wp-json\/wp\/v2\/media\/6031"}],"wp:attachment":[{"href":"https:\/\/www.augelegalfiscal.com\/ca\/wp-json\/wp\/v2\/media?parent=6036"}],"wp:term":[{"taxonomy":"category","embeddable":true,"href":"https:\/\/www.augelegalfiscal.com\/ca\/wp-json\/wp\/v2\/categories?post=6036"},{"taxonomy":"post_tag","embeddable":true,"href":"https:\/\/www.augelegalfiscal.com\/ca\/wp-json\/wp\/v2\/tags?post=6036"}],"curies":[{"name":"wp","href":"https:\/\/api.w.org\/{rel}","templated":true}]}}