{"id":4438,"date":"2021-06-09T11:08:51","date_gmt":"2021-06-09T09:08:51","guid":{"rendered":"https:\/\/www.augelegalfiscal.com\/coneixes-el-principat-d-andorra-per-que-viure-a-andorra\/"},"modified":"2024-02-22T11:57:53","modified_gmt":"2024-02-22T10:57:53","slug":"coneixes-el-principat-d-andorra-per-que-viure-a-andorra","status":"publish","type":"post","link":"https:\/\/www.augelegalfiscal.com\/ca\/coneixes-el-principat-d-andorra-per-que-viure-a-andorra\/","title":{"rendered":"Coneixes el Principat d\u2019Andorra? Per qu\u00e8 viure a Andorra?"},"content":{"rendered":"<p>12 curiositats sobre el Principat<\/p>\n<p>Andorra \u00e9s un pa\u00eds \u00fanic situat al centre dels Pirineus entre Fran\u00e7a i Espanya.<\/p>\n<p>El seu territori est\u00e0 repartit en set parr\u00f2quies, est\u00e8s en 468 quil\u00f2metres quadrats i compta amb 77.000 habitants. Andorra la Vella \u00e9s la capital, essent la m\u00e9s elevada de tot Europa.<\/p>\n<p>Coneguda sobretot pels seus impostos competitius, Andorra ofereix una qualitat de vida incomparable en un entorn natural envejable.<\/p>\n<p>Et presentem aqu\u00ed 12 dades curioses i fascinants sobre Andorra que potser desconeixies.<\/p>\n<p><strong>1 &#8211; Andorra \u00e9s el microestat m\u00e9s gran d&#8217;Europa i l&#8217;\u00fanic coprincipat del m\u00f3n.<\/strong><\/p>\n<p>El principat es va convertir oficialment en una democr\u00e0cia parlament\u00e0ria el 14 de mar\u00e7 de 1993, despr\u00e9s de l\u2019adopci\u00f3 d\u2019una nova constituci\u00f3 per refer\u00e8ndum popular.<\/p>\n<p>Andorra t\u00e9 dos copr\u00ednceps i caps d&#8217;Estat, el president de la Rep\u00fablica de Fran\u00e7a i el Bisbe d&#8217;Urgell, a Espanya. Tal com s\u2019institueix en la Constituci\u00f3, tots dos han d&#8217;exercir la seva autoritat de manera conjunta i indivisa.<\/p>\n<p>L&#8217;elecci\u00f3 dels caps d&#8217;Estat no la du a terme el poble andorr\u00e0, sin\u00f3 a trav\u00e9s del Papa, en el cas del bisbe d&#8217;Urgell, i pel poble franc\u00e8s en el cas del president de Fran\u00e7a.<\/p>\n<p><strong>2 &#8211; Andorra t\u00e9 el parlament m\u00e9s petit d&#8217;Europa.<\/strong><\/p>\n<p>Es denomina \u201cEl Consell General\u201d i va ser creat a l&#8217;any 1419 sota el nom de \u201cConsell de la Terra\u201d, sent un dels m\u00e9s antics i amb m\u00e9s continu\u00eftat d&#8217;Europa. Est\u00e0 compost per 28 parlamentaris, que es trien de forma mixta: la meitat per circumscripci\u00f3 parroquial i l&#8217;altra meitat per circumscripci\u00f3 nacional.<\/p>\n<p>Aproximadament la meitat dels parlamentaris andorrans s\u00f3n dones, en comparaci\u00f3 amb menys d\u2019una quarta part a nivell mundial. Gaireb\u00e9 el 47% dels parlamentaris, inclosos la s\u00edndic general i la s\u00edndic general adjunta, s\u00f3n dones.<\/p>\n<p><strong>3 &#8211; Andorra \u00e9s l&#8217;\u00fanic pa\u00eds amb el catal\u00e0 com a idioma oficial.<\/strong><\/p>\n<p>Andorra \u00e9s l&#8217;\u00fanic pa\u00eds del m\u00f3n que utilitza el catal\u00e0 com a idioma oficial, idioma habitual de la majoria de la poblaci\u00f3, amb el castell\u00e0 representat per un ter\u00e7 de la poblaci\u00f3.<\/p>\n<p>L&#8217;ingr\u00e9s d&#8217;Andorra a l&#8217;Organitzaci\u00f3 de les Nacions Unides, celebrat el 28 de juliol de 1993, va permetre per primera vegada en la hist\u00f2ria l&#8217;\u00fas del catal\u00e0 en una assemblea d&#8217;aquesta organitzaci\u00f3.<\/p>\n<p>A m\u00e9s, la proximitat amb Fran\u00e7a i Espanya ha perm\u00e8s que els habitants d&#8217;Andorra siguin triling\u00fces per naturalesa, parlant el catal\u00e0, castell\u00e0 i el franc\u00e8s amb for\u00e7a facilitat.<\/p>\n<p><strong>4 &#8211; L\u2019euro \u00e9s la moneda oficial d\u2019Andorra, per\u00f2 el pa\u00eds no forma part de la zona euro ni de la UE.<\/strong><\/p>\n<p>El pa\u00eds no t\u00e9 moneda pr\u00f2pia ni banc central. Abans de la introducci\u00f3 de l&#8217;euro, Andorra feia servir la pesseta espanyola i el franc franc\u00e8s. Tot i que no \u00e9s membre de la Uni\u00f3 Europea, Andorra disposa d\u2019un acord duaner amb la UE del 1990 i negocia actualment un acord d\u2019associaci\u00f3 amb ella per accedir al seu mercat interior.<\/p>\n<p><strong>5 &#8211; Andorra, un estat col\u00b7laborador en mat\u00e8ria d&#8217;intercanvi d&#8217;informaci\u00f3.<\/strong><\/p>\n<p>Des de l&#8217;any 2009, Andorra s&#8217;ha comprom\u00e8s a intercanviar autom\u00e0ticament informaci\u00f3 bancaria amb tots el pa\u00efsos mitjan\u00e7ant el &#8220;Common Reporting Standar&#8221; desenvolupat pel G20 i aprovat pel Consell de l&#8217;OCDE en 2014.<\/p>\n<p>Ja no hi ha secret bancari i Andorra ha deixat de ser considerada com a parad\u00eds fiscal, formant part de la llista de pa\u00efsos col\u00b7laboradors i homologats.<\/p>\n<p><strong>6 &#8211; Andorra mai ha estat en guerra i no t\u00e9 ex\u00e8rcit.<\/strong><\/p>\n<p>No hi ha ministeri de defensa. El Principat ha estat sempre un territori de pau, fins i tot quan la resta de pa\u00efsos estaven embarcats en llargs conflictes. En q\u00fcesti\u00f3 de delinq\u00fc\u00e8ncia Andorra \u00e9s un dels pa\u00efsos m\u00e9s segurs del m\u00f3n i la seva taxa de criminalitat \u00e9s una de les m\u00e9s baixes.<\/p>\n<p><strong>7 &#8211; Andorra t\u00e9 un dels sistemes sanitaris millor valorats de la UE i del m\u00f3n.<\/strong><\/p>\n<p>El servei sanitari del pa\u00eds \u00e9s situa entre els deu primers del m\u00f3n. El millor del m\u00f3n al 2020 segons la revista \u201cThe Lancet\u201d. La sanitat p\u00fablica \u00e9s de gran qualitat i \u00e9s accessible a tots els residents. A m\u00e9s, tots poden beneficiar-se d&#8217;atenci\u00f3 sanit\u00e0ria a l&#8217;estranger, gr\u00e0cies als convenis internacionals que t\u00e9 Andorra amb els pa\u00efsos ve\u00efns.<\/p>\n<p>El Pa\u00eds ocupa el sis\u00e8 lloc del Ranking mundial per a l\u2019esperan\u00e7a de vida amb una mitjana de 83 anys.<\/p>\n<p><strong>8 &#8211; Andorra disposa de sistemes educatius de gran qualitat.<\/strong><\/p>\n<p>A Andorra hi ha una estructura educativa plural on coexisteixen tres sistemes educatius (andorr\u00e0, espanyol i franc\u00e8s) que actuen com a educaci\u00f3 p\u00fablica.<\/p>\n<p>Els sistemes educatius espanyol i franc\u00e8s es regeixen per les normes est\u00e0ndards pr\u00f2pies del seu pa\u00eds d&#8217;origen tenint establerts convenis amb el Principat d&#8217;Andorra en mat\u00e8ria educativa.<\/p>\n<p>Els estudiants poden prosseguir els seus estudis superiors a la universitat d&#8217;Andorra o b\u00e9 a l\u2019estranger.<\/p>\n<p>Existeix l&#8217;opci\u00f3 d&#8217;ensenyaments privats, tamb\u00e9 de llengua anglesa o b\u00e9 d&#8217;altres especialitats tant a l\u2019Escola Internacional \u00c0gora com a la Brithish School of Andorra.<\/p>\n<p><strong>9 &#8211; Andorra \u00e9s un pa\u00eds pioner en telecomunicacions.<\/strong><\/p>\n<p>A l\u2019any 2016 es va produir l&#8217;apagada anal\u00f2gica i la cobertura UMTS. El pa\u00eds t\u00e9 una xarxa de 79.000 quil\u00f2metres de fibra \u00f2ptica per un estat de 468 quil\u00f2metres quadrats i permet garantir la connexi\u00f3 a internet en el 100% del territori.<\/p>\n<p>Andorra s&#8217;ha convertit en un exemple d&#8217;acc\u00e9s a la fibra \u00f2ptica per a la resta d&#8217;Europa.<\/p>\n<p><strong>10 &#8211; El 90% del territori d&#8217;Andorra \u00e9s natura.<\/strong><\/p>\n<p>La gran majoria del territori andorr\u00e0 est\u00e0 compost per muntanyes, boscos, rius, llacs i prats. T\u00e9 un medi ambient protegit i un entorn natural incomparable.<\/p>\n<p>Compta amb tres grans parcs naturals:<\/p>\n<p>La Vall de Sorteny amb una biodiversitat molt rica amb m\u00e9s de 700 esp\u00e8cies de flors i plantes.<\/p>\n<p>La Vall del Comapedrosa que destaca pel seu imponent paisatge d\u2019alta muntanya amb el cim m\u00e9s alt del Principat (2.942 metres), que dona nom al parc.<\/p>\n<p>La Vall del Madriu declarada Patrimoni Mundial per la UNESCO, \u00e9s un espai natural i cultural \u00fanic. Ocupa un territori de m\u00e9s de 4.000 hect\u00e0rees, que representa el 10% de la superf\u00edcie d&#8217;Andorra.<\/p>\n<p>\u00c9s pot rec\u00f3rrer el pa\u00eds a peu sense trepitjar asfalt. Andorra t\u00e9 m\u00e9s de 60 rutes de senderisme que permeten rec\u00f3rrer el pa\u00eds seguint el sender GR.<\/p>\n<p><strong>11 &#8211; Andorra, coneguda per ser el territori esquiable m\u00e9s gran del sud d&#8217;Europa.<\/strong><\/p>\n<p>Compta amb 300 km de pistes d&#8217;esqu\u00ed repartides en dos grans dominis, Grandvalira i Vallnord.<\/p>\n<p>Visitada per molts esportistes d\u2019elit, Andorra disposa de moltes instal\u00b7lacions d&#8217;alt nivell per la pr\u00e0ctica de l&#8217;esport i la tecnificaci\u00f3 tant a l&#8217;hivern com a l&#8217;estiu.<\/p>\n<p>El pa\u00eds ha acollit tot tipus d&#8217;esdeveniments i competicions esportives relacionades amb la neu i la muntanya, com la final de la copa d&#8217;esqu\u00ed alp\u00ed i la Total Fight Masters of Freestyle al 2019, la freeride World Tour celebrada aquest any i tamb\u00e9 moltes m\u00e9s competicions com les de BTT i motocicletes els darrers anys.<\/p>\n<p><strong>12 &#8211; Andorra es compromet a garantir la sostenibilitat ambiental.<\/strong><\/p>\n<p>Des del 2016, el pa\u00eds ha multiplicat per cinc la seva producci\u00f3 d\u2019energia renovable.<\/p>\n<p>El pa\u00eds lluita per ser cada vegada m\u00e9s sostenible en tots els \u00e0mbits incitant a tota la poblaci\u00f3 a participar en algunes de les iniciatives seg\u00fcents :<\/p>\n<p>&#8211; L&#8217;escola verda que t\u00e9 per objectiu integrar la sostenibilitat en el dia a dia de l&#8217;escola;<\/p>\n<p>&#8211; La gesti\u00f3 de residus que consciencia cada vegada m\u00e9s la poblaci\u00f3 amb la recollida selectiva;<\/p>\n<p>&#8211; Els convenis internacionals amb els quals Andorra \u00e9s compromet a reduir les emissions de gasos d&#8217;efecte hivernacle;<\/p>\n<p>&#8211; La recuperaci\u00f3 de la fauna per preservar les esp\u00e8cies aut\u00f2ctones i els seus h\u00e0bitats naturals;<\/p>\n<p>&#8211; La primera central de cogeneraci\u00f3 de pa\u00eds.<\/p>\n<p>A m\u00e9s d\u2019altres objectius a llarg termini per reduir la depend\u00e8ncia energ\u00e8tica i augmentar la producci\u00f3 d\u2019energies renovables.<\/p>\n<p><b>Pamela Douangdara<br \/>\n<\/b><\/p>\n<p>Aug\u00e9 Legal &amp; Fiscal<\/p>\n","protected":false},"excerpt":{"rendered":"<p>12 curiositats sobre el Principat Andorra \u00e9s un pa\u00eds \u00fanic situat al centre dels Pirineus entre Fran\u00e7a i Espanya. El seu territori est\u00e0 repartit en set parr\u00f2quies, est\u00e8s en 468 quil\u00f2metres quadrats i compta amb 77.000 habitants. Andorra la Vella \u00e9s la capital, essent la m\u00e9s elevada de tot Europa. Coneguda sobretot pels seus impostos [&hellip;]<\/p>\n","protected":false},"author":1,"featured_media":4446,"comment_status":"closed","ping_status":"open","sticky":false,"template":"","format":"standard","meta":{"_acf_changed":false,"footnotes":""},"categories":[],"tags":[],"class_list":["post-4438","post","type-post","status-publish","format-standard","has-post-thumbnail","hentry"],"acf":[],"_links":{"self":[{"href":"https:\/\/www.augelegalfiscal.com\/ca\/wp-json\/wp\/v2\/posts\/4438","targetHints":{"allow":["GET"]}}],"collection":[{"href":"https:\/\/www.augelegalfiscal.com\/ca\/wp-json\/wp\/v2\/posts"}],"about":[{"href":"https:\/\/www.augelegalfiscal.com\/ca\/wp-json\/wp\/v2\/types\/post"}],"author":[{"embeddable":true,"href":"https:\/\/www.augelegalfiscal.com\/ca\/wp-json\/wp\/v2\/users\/1"}],"replies":[{"embeddable":true,"href":"https:\/\/www.augelegalfiscal.com\/ca\/wp-json\/wp\/v2\/comments?post=4438"}],"version-history":[{"count":2,"href":"https:\/\/www.augelegalfiscal.com\/ca\/wp-json\/wp\/v2\/posts\/4438\/revisions"}],"predecessor-version":[{"id":4451,"href":"https:\/\/www.augelegalfiscal.com\/ca\/wp-json\/wp\/v2\/posts\/4438\/revisions\/4451"}],"wp:featuredmedia":[{"embeddable":true,"href":"https:\/\/www.augelegalfiscal.com\/ca\/wp-json\/wp\/v2\/media\/4446"}],"wp:attachment":[{"href":"https:\/\/www.augelegalfiscal.com\/ca\/wp-json\/wp\/v2\/media?parent=4438"}],"wp:term":[{"taxonomy":"category","embeddable":true,"href":"https:\/\/www.augelegalfiscal.com\/ca\/wp-json\/wp\/v2\/categories?post=4438"},{"taxonomy":"post_tag","embeddable":true,"href":"https:\/\/www.augelegalfiscal.com\/ca\/wp-json\/wp\/v2\/tags?post=4438"}],"curies":[{"name":"wp","href":"https:\/\/api.w.org\/{rel}","templated":true}]}}