{"id":3130,"date":"2026-02-11T18:58:00","date_gmt":"2026-02-11T17:58:00","guid":{"rendered":"https:\/\/www.augelegalfiscal.com\/com-obtenir-la-residencia-fiscal-a-andorra\/"},"modified":"2026-02-18T14:40:07","modified_gmt":"2026-02-18T13:40:07","slug":"com-obtenir-la-residencia-fiscal-a-andorra","status":"publish","type":"post","link":"https:\/\/www.augelegalfiscal.com\/ca\/com-obtenir-la-residencia-fiscal-a-andorra\/","title":{"rendered":"Quins requisits necessites per obtenir la resid\u00e8ncia fiscal a Andorra?"},"content":{"rendered":"\n<p>En els \u00faltims anys, Andorra s\u2019ha convertit en un dest\u00ed fiscal cada vegada m\u00e9s atractiu i, per aix\u00f2, cada vegada m\u00e9s persones o empresaris busquen ser residents a Andorra.<\/p>\n\n\n\n<p>Aquest petit principat ofereix un r\u00e8gim impositiu favorable, com un IRPF m\u00e0xim del 10% i un Impost de Societats del 10%, el que el posiciona com una de les opcions m\u00e9s competitives d\u2019Europa. A m\u00e9s a m\u00e9s, Andorra no aplica impostos sobre el patrimoni ni sobre les successions, per tant es el lloc ideal pels qui busquen optimitzar els seus ingressos i protegir el seu patrimoni.<\/p>\n\n\n\n<p><p>Tamb\u00e9, la diversitat de perfils interessats en la resid\u00e8ncia fiscal a Andorra \u00e9s cada vegada m\u00e9s \u00e0mplia. Des d&#8217;empresaris i emprenedors que busquen establir els seus negocis en un entorn fiscalment favorable, fins professionals independents, inversors o gent ja jubilada que desitgen beneficiar-se de la seva baixa c\u00e0rrega fiscal i millorar la seva qualitat de vida.<\/p><p>Andorra tamb\u00e9 atrau fam\u00edlies i esportistes d\u2019elit, que valoren la seva seguretat, serveis de salut de qualitat i el seu entorn natural. Aix\u00ed, Andorra es presenta com una opci\u00f3 estrat\u00e8gica per aquells que busquen millorar la seva situaci\u00f3 fiscal i personal<\/p><\/p>\n\n\n\n<div id=\"ez-toc-container\" class=\"ez-toc-v2_0_79_2 counter-hierarchy ez-toc-counter ez-toc-grey ez-toc-container-direction\">\n<div class=\"ez-toc-title-container\">\n<p class=\"ez-toc-title\" style=\"cursor:inherit\">Taula de continguts<\/p>\n<span class=\"ez-toc-title-toggle\"><a href=\"#\" class=\"ez-toc-pull-right ez-toc-btn ez-toc-btn-xs ez-toc-btn-default ez-toc-toggle\" aria-label=\"Toggle Table of Content\"><span class=\"ez-toc-js-icon-con\"><span class=\"\"><span class=\"eztoc-hide\" style=\"display:none;\">Toggle<\/span><span class=\"ez-toc-icon-toggle-span\"><svg style=\"fill: #8f2b2f;color:#8f2b2f\" xmlns=\"http:\/\/www.w3.org\/2000\/svg\" class=\"list-377408\" width=\"20px\" height=\"20px\" viewBox=\"0 0 24 24\" fill=\"none\"><path d=\"M6 6H4v2h2V6zm14 0H8v2h12V6zM4 11h2v2H4v-2zm16 0H8v2h12v-2zM4 16h2v2H4v-2zm16 0H8v2h12v-2z\" fill=\"currentColor\"><\/path><\/svg><svg style=\"fill: #8f2b2f;color:#8f2b2f\" class=\"arrow-unsorted-368013\" xmlns=\"http:\/\/www.w3.org\/2000\/svg\" width=\"10px\" height=\"10px\" viewBox=\"0 0 24 24\" version=\"1.2\" baseProfile=\"tiny\"><path d=\"M18.2 9.3l-6.2-6.3-6.2 6.3c-.2.2-.3.4-.3.7s.1.5.3.7c.2.2.4.3.7.3h11c.3 0 .5-.1.7-.3.2-.2.3-.5.3-.7s-.1-.5-.3-.7zM5.8 14.7l6.2 6.3 6.2-6.3c.2-.2.3-.5.3-.7s-.1-.5-.3-.7c-.2-.2-.4-.3-.7-.3h-11c-.3 0-.5.1-.7.3-.2.2-.3.5-.3.7s.1.5.3.7z\"\/><\/svg><\/span><\/span><\/span><\/a><\/span><\/div>\n<nav><ul class='ez-toc-list ez-toc-list-level-1 eztoc-toggle-hide-by-default' ><li class='ez-toc-page-1 ez-toc-heading-level-2'><a class=\"ez-toc-link ez-toc-heading-1\" href=\"https:\/\/www.augelegalfiscal.com\/ca\/com-obtenir-la-residencia-fiscal-a-andorra\/#%C2%BFQue_es_la_residencia_fiscal\" >\u00bfQu\u00e8 \u00e9s la resid\u00e8ncia fiscal?<\/a><\/li><li class='ez-toc-page-1 ez-toc-heading-level-2'><a class=\"ez-toc-link ez-toc-heading-2\" href=\"https:\/\/www.augelegalfiscal.com\/ca\/com-obtenir-la-residencia-fiscal-a-andorra\/#%C2%BFQuins_tipus_de_permis_de_residencia_hi_ha_a_Andorra\" >\u00bfQuins tipus de perm\u00eds de resid\u00e8ncia hi ha a Andorra?<\/a><\/li><li class='ez-toc-page-1 ez-toc-heading-level-2'><a class=\"ez-toc-link ez-toc-heading-3\" href=\"https:\/\/www.augelegalfiscal.com\/ca\/com-obtenir-la-residencia-fiscal-a-andorra\/#Requisits_per_canviar_el_domicili_fiscal_a_Andorra\" >Requisits per canviar el domicili fiscal a Andorra<\/a><\/li><li class='ez-toc-page-1 ez-toc-heading-level-2'><a class=\"ez-toc-link ez-toc-heading-4\" href=\"https:\/\/www.augelegalfiscal.com\/ca\/com-obtenir-la-residencia-fiscal-a-andorra\/#%C2%BFQuins_avantatges_fiscals_te_residir_a_Andorra\" >\u00bfQuins avantatges fiscals t\u00e9 residir a Andorra?<\/a><\/li><li class='ez-toc-page-1 ez-toc-heading-level-2'><a class=\"ez-toc-link ez-toc-heading-5\" href=\"https:\/\/www.augelegalfiscal.com\/ca\/com-obtenir-la-residencia-fiscal-a-andorra\/#Cost_de_vida_a_Andorra_VS_Espanya\" >Cost de vida a Andorra VS. Espanya<\/a><\/li><li class='ez-toc-page-1 ez-toc-heading-level-2'><a class=\"ez-toc-link ez-toc-heading-6\" href=\"https:\/\/www.augelegalfiscal.com\/ca\/com-obtenir-la-residencia-fiscal-a-andorra\/#Puc_tenir_la_residencia_fiscal_a_Andorra_i_viure_a_Espanya\" >Puc tenir la resid\u00e8ncia fiscal a Andorra i viure a Espanya?<\/a><\/li><\/ul><\/nav><\/div>\n<h2 class=\"wp-block-heading\"><span class=\"ez-toc-section\" id=\"%C2%BFQue_es_la_residencia_fiscal\"><\/span>\u00bfQu\u00e8 \u00e9s la resid\u00e8ncia fiscal?<span class=\"ez-toc-section-end\"><\/span><\/h2>\n\n\n\n<p>La resid\u00e8ncia fiscal \u00e9s l&#8217;estatus legal que <strong>determina en quin pa\u00eds una persona o empresa est\u00e0 obligada a pagar impostos sobre els seus ingressos i b\u00e9ns<\/strong>. <\/p>\n\n\n\n<p>Alguns dels factors que ho defineix s\u00f3n el nombre de dies que aquesta persona passa en un pa\u00eds, la ubicaci\u00f3 del seu centre d\u2019interessos econ\u00f2mics o el seu domicili habitual. Ser resident fiscal a un pa\u00eds implica que s\u2019han de complir les seves <strong>obligacions tribut\u00e0ries<\/strong>, el que inclou la declaraci\u00f3 i pagament dels impostos. L&#8217;estatus de resid\u00e8ncia fiscal pot canviar si es compleixen els requisits d\u2019un altre pa\u00eds, el que podria generar beneficis o avantatges fiscals.<\/p>\n\n\n\n<h2 class=\"wp-block-heading\"><span class=\"ez-toc-section\" id=\"%C2%BFQuins_tipus_de_permis_de_residencia_hi_ha_a_Andorra\"><\/span>\u00bfQuins tipus de perm\u00eds de resid\u00e8ncia hi ha a Andorra?<span class=\"ez-toc-section-end\"><\/span><\/h2>\n\n\n\n<p>Abans de comen\u00e7ar a detallar els requisits per obtindre la resid\u00e8ncia fiscal a Andorra, hem de diferenciar dos conceptes que a vegades se solen confondre:<strong> La resid\u00e8ncia administrativa i la resid\u00e8ncia fiscal<\/strong>. La resid\u00e8ncia administrativa \u00e9s atorgada per les autoritats competents en mat\u00e8ria d&#8217;immigraci\u00f3; en canvi, la resid\u00e8ncia fiscal no \u00e9s adquirida paral\u00b7lelament, sin\u00f3 que es consolida una vegada completes una s\u00e8rie de requisits recollits en la legislaci\u00f3 tribut\u00e0ria vigent.<\/p>\n\n\n\n<p>Hi ha diferents modalitats per obtenir la resid\u00e8ncia administrativa, que podem agrupar en resid\u00e8ncia activa o resid\u00e8ncia passiva.<\/p>\n\n\n<div class=\"wp-block-image\">\n<figure class=\"aligncenter size-large\"><img fetchpriority=\"high\" decoding=\"async\" width=\"1024\" height=\"570\" src=\"https:\/\/www.augelegalfiscal.com\/wp-content\/uploads\/2024\/11\/Diferencies-entre-la-residencia-activa-i-la-residencia-passiva-1024x570.jpg\" alt=\"\" class=\"wp-image-13286\" srcset=\"https:\/\/www.augelegalfiscal.com\/wp-content\/uploads\/2024\/11\/Diferencies-entre-la-residencia-activa-i-la-residencia-passiva-1024x570.jpg 1024w, https:\/\/www.augelegalfiscal.com\/wp-content\/uploads\/2024\/11\/Diferencies-entre-la-residencia-activa-i-la-residencia-passiva-300x167.jpg 300w, https:\/\/www.augelegalfiscal.com\/wp-content\/uploads\/2024\/11\/Diferencies-entre-la-residencia-activa-i-la-residencia-passiva-768x428.jpg 768w, https:\/\/www.augelegalfiscal.com\/wp-content\/uploads\/2024\/11\/Diferencies-entre-la-residencia-activa-i-la-residencia-passiva-1536x855.jpg 1536w, https:\/\/www.augelegalfiscal.com\/wp-content\/uploads\/2024\/11\/Diferencies-entre-la-residencia-activa-i-la-residencia-passiva.jpg 1774w\" sizes=\"(max-width: 1024px) 100vw, 1024px\" \/><\/figure>\n<\/div>\n\n\n<h3 class=\"wp-block-heading\">Resid\u00e8ncia activa<\/h3>\n\n\n\n<p>Dins la resid\u00e8ncia activa s\u2019inclouen els <strong>treballadors per compte ali\u00e8 i els aut\u00f2noms o emprenedors.<\/strong><\/p>\n\n\n\n<p>La <a href=\"https:\/\/www.augelegalfiscal.com\/ca\/area-immigracio\/residencia-amb-permis-de-treball\/\" target=\"_blank\" data-type=\"link\" data-id=\"https:\/\/www.augelegalfiscal.com\/ca\/area-immigracio\/residencia-amb-permis-de-treball\/\" rel=\"noreferrer noopener\">resid\u00e8ncia de treball<\/a> (o per compte ali\u00e8) s\u2019obt\u00e9 mitjan\u00e7ant un <strong>contracte de treball.<\/strong> Aquesta tipologia de resid\u00e8ncia exigeix viure a Andorra i desenvolupar el treball in situ al pa\u00eds.<\/p>\n\n\n\n<p>Tamb\u00e9 podem trobar la <a href=\"https:\/\/www.augelegalfiscal.com\/ca\/area-immigracio\/residencia-per-compte-propi\/\" data-type=\"link\" data-id=\"https:\/\/www.augelegalfiscal.com\/ca\/area-immigracio\/residencia-per-compte-propi\/\" target=\"_blank\" rel=\"noreferrer noopener\">resid\u00e8ncia per compte propi<\/a>, que exigeix el desenvolupament d\u2019una activitat econ\u00f2mica mitjan\u00e7ant la <strong>creaci\u00f3 d\u2019una societat a Andorra.<\/strong> En aquest cas, la pres\u00e8ncia que es requereix \u00e9s de 183 dies repartits al llarg d\u2019un any natural i un dip\u00f2sit obligatori de 50.000 euros a fons perdut, de titularitat \u00edntegrament estatal i sense dret de reemborsament per al sol\u00b7licitant. Aquesta mesura s\u2019articula a trav\u00e9s de l\u2019anomenada <a href=\"https:\/\/www.augelegalfiscal.com\/ca\/llei-omnibus-2\/\" data-type=\"link\" data-id=\"https:\/\/www.augelegalfiscal.com\/ca\/llei-omnibus-2\/\">Llei \u00d2mnibus 2<\/a>, aprovada pel Consell General i publicada al BOPA el passat 12 de febrer.<\/p>\n\n\n\n<p>Aquesta modalitat s&#8217;assembla a la figura de l&#8217;aut\u00f2nom a Espanya. \u00c9s important tenir en compte que cal <strong>ser administrador de l&#8217;empresa<\/strong>, tenir m\u00e9s d&#8217;un <strong>34% de les participacions<\/strong> i <strong>cotitzar a la seguretat social<\/strong> andorrana.<\/p>\n\n\n\n<h3 class=\"wp-block-heading\">Resid\u00e8ncia passiva<\/h3>\n\n\n\n<p>Dins la resid\u00e8ncia passiva podem trobar als jubilats, a persones amb ingressos passius o emprenedors. Tamb\u00e9 es coneix com una <a href=\"https:\/\/www.augelegalfiscal.com\/ca\/area-immigracio\/residencies-no-lucratives\/\" target=\"_blank\" rel=\"noreferrer noopener\">resid\u00e8ncia no lucrativa<\/a> i I requereix una inversi\u00f3 mitjan\u00e7ant instruments deute o financers emesos per entitats residents i fons d\u2019inversi\u00f3 col\u00b7lectiva andorrans, per\u00f2 amb un l\u00edmit m\u00e0xim de 36 mesos. Despr\u00e9s, \u00e9s necessari redirigir la inversi\u00f3 cap a altres actius perqu\u00e8 continu\u00ef computant. La inversi\u00f3 m\u00ednima en actius andorrans ha de ser d\u2019un m\u00ednim d\u20191.000.000 \u20ac.<\/p>\n\n\n\n<p>I, de la mateixa manera, s\u2019aplica el gir del dip\u00f2sit obligatori de 50.000 \u20ac per titular principal i de 12.000 \u20ac per cada persona a c\u00e0rrec, com a ingressos definitius no reemborsables (excepte en cas de denegaci\u00f3 inicial).<\/p>\n\n\n\n<p> Per aquesta tipologia, nom\u00e9s s\u2019exigeix residir a Andorra 90 dies a l\u2019any. En general, donat que la resid\u00e8ncia passiva no contempla dur a terme cap activitat econ\u00f2mica, sol estar indicada per aquelles persones que estan ja retirades i desitgin gestionar el seu patrimoni des d\u2019Andorra, podent aix\u00ed <strong>beneficiar-se parcialment o totalment dels avantatges de ser resident en el principat<\/strong>.<\/p>\n\n\n\n<h2 class=\"wp-block-heading\"><span class=\"ez-toc-section\" id=\"Requisits_per_canviar_el_domicili_fiscal_a_Andorra\"><\/span>Requisits per canviar el domicili fiscal a Andorra<span class=\"ez-toc-section-end\"><\/span><\/h2>\n\n\n\n<p>Els criteris per considerar a una persona resident fiscal a Andorra, es regeixen per les <strong>normes generals de la OCDE<\/strong>, homologades en el Principat i degudament recollides en la<a href=\"https:\/\/www.bopa.ad\/bopa\/031055\/Pagines\/GD20190614_13_51_35.aspx\" data-type=\"link\" data-id=\"https:\/\/www.bopa.ad\/bopa\/031055\/Pagines\/GD20190614_13_51_35.aspx\" target=\"_blank\" rel=\"noopener\"> llei del IRPF d\u2019Andorra<\/a>.<\/p>\n\n\n\n<p>Entre els requisits podem trobar certs criteris d&#8217;elegibilitat i reunir la documentaci\u00f3 necess\u00e0ria per a la seva gesti\u00f3.<\/p>\n\n\n\n<h3 class=\"wp-block-heading\">Criteris d\u2019elegibilitat<\/h3>\n\n\n\n<p>La legislaci\u00f3 estableix que una persona ser\u00e0 considerada resident fiscal a Andorra si compleix els seg\u00fcents tres punt<\/p>\n\n\n\n<ul class=\"wp-block-list\">\n<li>Si <strong>resideix m\u00e9s de 183 dies al pa\u00eds<\/strong>, tenint en compte que tamb\u00e9 es computen els dies en els quals es viatja a altres territoris.<\/li>\n\n\n\n<li>Si el teu <strong>centre d\u2019inter\u00e8s econ\u00f2mic<\/strong> est\u00e0 ubicat a Andorra, \u00e9s a dir, els teus majors ingressos econ\u00f2mics procedeixen del principat.<\/li>\n\n\n\n<li>Si el teu <strong>nucli d\u2019interessos familiars<\/strong> o el teu centre d\u2019interessos vitals en cas d\u2019estar <strong>casat<\/strong> estan en el pa\u00eds, o b\u00e9 si tens persones a c\u00e0rrec teu a Andorra.<\/li>\n<\/ul>\n\n\n<div class=\"wp-block-image\">\n<figure class=\"aligncenter size-large\"><img decoding=\"async\" width=\"1024\" height=\"716\" src=\"https:\/\/www.augelegalfiscal.com\/wp-content\/uploads\/2024\/11\/Documentacio-necessaria-1024x716.jpg\" alt=\"\" class=\"wp-image-13389\" srcset=\"https:\/\/www.augelegalfiscal.com\/wp-content\/uploads\/2024\/11\/Documentacio-necessaria-1024x716.jpg 1024w, https:\/\/www.augelegalfiscal.com\/wp-content\/uploads\/2024\/11\/Documentacio-necessaria-300x210.jpg 300w, https:\/\/www.augelegalfiscal.com\/wp-content\/uploads\/2024\/11\/Documentacio-necessaria-768x537.jpg 768w, https:\/\/www.augelegalfiscal.com\/wp-content\/uploads\/2024\/11\/Documentacio-necessaria-1536x1074.jpg 1536w, https:\/\/www.augelegalfiscal.com\/wp-content\/uploads\/2024\/11\/Documentacio-necessaria.jpg 1774w\" sizes=\"(max-width: 1024px) 100vw, 1024px\" \/><\/figure>\n<\/div>\n\n\n<h3 class=\"wp-block-heading\">Documentaci\u00f3 necess\u00e0ria<\/h3>\n\n\n\n<p>Hi ha <strong>vuit categories<\/strong> diferents de dades que has de demanar abans de sol\u00b7licitar la resid\u00e8ncia a Andorra.<\/p>\n\n\n\n<ul class=\"wp-block-list\">\n<li><strong>Formulari de sol\u00b7licitud<\/strong> de resid\u00e8ncia fiscal, a la ag\u00e8ncia de Migraci\u00f3 d\u2019Andorra<\/li>\n\n\n\n<li><strong>Prova de resid\u00e8ncia a Andorra<\/strong>, alguna cosa que certifiqui el teu domicili al pa\u00eds, com un contracte de lloguer o l&#8217;escriptura d\u2019una propietat. Aquest document demostrar\u00e0 que resideixes a Andorra m\u00e9s de 183 dies a l\u2019any.<\/li>\n\n\n\n<li><strong>Passaport v\u00e0lid<\/strong>, que ha d\u2019estar en regla i amb una validesa m\u00ednima de sis mesos des de la data d&#8217;entrada a Andorra.<\/li>\n\n\n\n<li><strong>Justificant d\u2019ingressos<\/strong>, per demostrar que comptes amb prou mitjans per viure al pa\u00eds. Aix\u00f2 pot incloure:<\/li>\n<\/ul>\n\n\n\n<ul class=\"wp-block-list\">\n<li>Extractes bancaris dels seus comptes a Andorra o a l\u2019estranger <\/li>\n\n\n\n<li>Documentaci\u00f3 d\u2019ingressos com rebuts de salaris, rendes o qualsevol font d\u2019ingressos que rebis. Si ets propietari d\u2019una empresa tamb\u00e9 haur\u00e0s de presentar certificats de beneficis o una declaraci\u00f3 d\u2019ingressos.\n<\/li>\n\n\n\n<li>En alguns casos, es requerir\u00e0 un saldo m\u00ednim en un compte bancari andorr\u00e0 per demostrar que pots sostenir-te econ\u00f2micament al pa\u00eds.<\/li>\n<\/ul>\n\n\n\n<ul class=\"wp-block-list\">\n<li><strong>Asseguran\u00e7a m\u00e8dica<\/strong> que cobreixi les teves necessitats, sigui privat o p\u00fablic, si est\u00e0s registrat a la Caixa Andorrana de la Seguretat Social<\/li>\n\n\n\n<li><strong>Certificat d\u2019antecedents penals<\/strong> del teu pa\u00eds d\u2019origen i d\u2019Andorra. Aquest document ha d\u2019estar legalitzat i amb la Postil\u00b7la de la Haia i no pot tenir una validesa superior als tres mesos des de la seva emissi\u00f3.<\/li>\n\n\n\n<li><strong>Formulari 720<\/strong>, un formulari per declarar actius a l\u2019estranger, que s\u2019ha de presentar a les autoritats fiscals d\u2019Andorra. Si ets resident fiscal a Andorra, \u00e9s possible que hagis de presentar informaci\u00f3 dels teus actius i b\u00e9ns a l\u2019estranger.<\/li>\n\n\n\n<li>En molts casos es pot requerir el <strong>certificat de no resid\u00e8ncia fiscal al teu pa\u00eds <\/strong>d\u2019origen, per demostrar que ja no ets considerat resident fiscal all\u00e0.<\/li>\n<\/ul>\n\n\n\n<h3 class=\"wp-block-heading\">\u00bfCom \u00e9s el proc\u00e9s administratiu per sol\u00b7licitar la resid\u00e8ncia fiscal?<\/h3>\n\n\n\n<p>Sol\u00b7licitar la resid\u00e8ncia fiscal a Andorra \u00e9s un proc\u00e9s format per diversos passos a seguir, des de la <strong>recol\u00b7lecci\u00f3 de documentaci\u00f3 fins a la presentaci\u00f3 de la sol\u00b7licitud a les autoritats andorranes<\/strong>. A continuaci\u00f3, et detallem el proc\u00e9s administratiu pas per pas<\/p>\n\n\n\n<h4 class=\"wp-block-heading\">Com presentar la sol\u00b7licitud pas per pas<\/h4>\n\n\n\n<p>Una vegada que hagis recopilat tots els documents necessaris per sol\u00b7licitar la resid\u00e8ncia a Andorra, haur\u00e0s de presentar la sol\u00b7licitud al <strong>departament de migraci\u00f3 del Govern d\u2019Andorra<\/strong>, que \u00e9s l&#8217;entitat encarregada de processar totes les sol\u00b7licituds de resid\u00e8ncia. Pots fer-ho de dues maneres:<\/p>\n\n\n\n<ul class=\"wp-block-list\">\n<li><strong>Sol\u00b7licitud digital<\/strong>: a trav\u00e9s del portal oficial del Govern d\u2019Andorra, tot i que en alguns casos, poden requerir que et presentis f\u00edsicament per completar alguns tr\u00e0mits<\/li>\n\n\n\n<li><strong>Presentaci\u00f3 f\u00edsica<\/strong>: a les oficines del departament de migraci\u00f3 a Andorra la Vella, on entregar\u00e0s tota la documentaci\u00f3 comentada anteriorment juntament amb el formulari degudament completat.<\/li>\n<\/ul>\n\n\n\n<h4 class=\"wp-block-heading\">Terminis estimats per obtenir la residencia<\/h4>\n\n\n\n<p>El proc\u00e9s per obtenir la resid\u00e8ncia a Andorra pot variar en funci\u00f3 del tipus de resid\u00e8ncia que sol\u00b7licitis i dels detalls espec\u00edfics de la teva situaci\u00f3 personal, com la quantitat de documentaci\u00f3 requerida i si has de presentar alguna prova addicional, tot i que, en general, l\u2019avaluaci\u00f3 de la sol\u00b7licitud <strong>pot trigar entre 4 i 6 setmanes<\/strong>. Els terminis estimats pels diferents tipus de resid\u00e8ncia a Andorra s\u00f3n:<\/p>\n\n\n\n<ul class=\"wp-block-list\">\n<li>Resid\u00e8ncia fiscal activa (treballadors i empresaris): 2-4 mesos <\/li>\n\n\n\n<li>Resid\u00e8ncia passiva (inversors i pensionistes): 3-6 mesos<\/li>\n\n\n\n<li>Resid\u00e8ncia per inversi\u00f3 (Golden visa): 2-3 mesos <\/li>\n\n\n\n<li>Resid\u00e8ncia per emprenedors (PYMEs i startups): 3-5 mesos<\/li>\n<\/ul>\n\n\n\n<h4 class=\"wp-block-heading\">\u00bfQuan \u00e9s el temps m\u00ednim de resid\u00e8ncia?<\/h4>\n\n\n\n<p>El temps m\u00ednim de resid\u00e8ncia a Andorra per ser considerat resident fiscal \u00e9s de <strong>183 dies a l\u2019any<\/strong>. Aquest \u00e9s el criteri clau que determina si ets resident fiscal a Andorra o no, el Llindar que defineix la teva resid\u00e8ncia fiscal, independentment de si ets resident a temps complet o parcial.<\/p>\n\n\n\n<p>Les persones que compten amb una <strong>resid\u00e8ncia activa<\/strong>, han de complir els <strong>183 dies<\/strong> m\u00ednims de resid\u00e8ncia al pa\u00eds i, a m\u00e9s a m\u00e9s, <strong>han d\u2019estar donats d\u2019alta a la Caixa Andorrana de la Seguretat Social (CASS)<\/strong>.<\/p>\n\n\n\n<p>Per altra banda, les persones que disposen de una <strong>resid\u00e8ncia passiva<\/strong>, tot i que no es troben treballant activament a Andorra, han de mantenir una<strong> residencia f\u00edsica al pa\u00eds de m\u00ednim 183 dies.<\/strong><\/p>\n\n\n\n<h2 class=\"wp-block-heading\"><span class=\"ez-toc-section\" id=\"%C2%BFQuins_avantatges_fiscals_te_residir_a_Andorra\"><\/span>\u00bfQuins avantatges fiscals t\u00e9 residir a Andorra?<span class=\"ez-toc-section-end\"><\/span><\/h2>\n\n\n\n<p>Ser resident Andorra atorga avantatges fiscals que no tindries a Espanya, i \u00e9s que <strong>els impostos a Andorra s\u00f3n considerablement m\u00e9s baixos<\/strong> que en molts pa\u00efsos europeus, el que el converteix al principat andorr\u00e0 en un dest\u00ed fiscal bastant atractiu. Amb un <strong>IRPF m\u00e0xim del 10%, un impost de societats del 10% i l&#8217;abs\u00e8ncia d\u2019impostos sobre el patrimoni i successions<\/strong>, residir a Andorra permet una optimitzaci\u00f3 fiscal significativa. Aquests avantatges, juntament amb l&#8217;alta qualitat de vida, fan d\u2019Andorra una opci\u00f3 ideal per empresaris i inversors.<\/p>\n\n\n\n<h3 class=\"wp-block-heading\"> Impostos sobre la renda<\/h3>\n\n\n\n<p>Els impostos sobre la renda a Andorra tenen una <strong>tassa molt baixa<\/strong>. L&#8217;IRPF \u00e9s considerablement m\u00e9s baix que en molts altres pa\u00efsos. <strong>La tassa m\u00e0xima \u00e9s del 10%<\/strong> sobre els ingressos personals, una de les xifres m\u00e9s baixes d\u2019Europa.<\/p>\n\n\n\n<p>A m\u00e9s a m\u00e9s, tot i que el tipus impositiu \u00e9s baix, el sistema <strong>d&#8217;IRPF d\u2019Andorra \u00e9s progressiu<\/strong>, aplicant-se de la seg\u00fcent manera:<\/p>\n\n\n\n<ul class=\"wp-block-list\">\n<li>Fins 24.000\u20ac: 0%<\/li>\n\n\n\n<li>Entre 24.000 i 40.000 \u20ac: 5%<\/li>\n\n\n\n<li>A partir de 40.000 \u20ac: 10%<\/li>\n<\/ul>\n\n\n\n<p>Aquest sistema beneficia a qui tenen els ingressos moderats o alts, ja que el tipus impositiu no sobrepassa el 10%<\/p>\n\n\n\n<h3 class=\"wp-block-heading\">Impostos sobre el patrimoni i successions<\/h3>\n\n\n\n<p><strong>No existeix l&#8217;impost sobre el patrimoni a Andorra<\/strong>, el que significa que no es grava directament el valor dels teus actius personals, com b\u00e9ns immobles, inversions financeres o qualsevol altre actiu.<\/p>\n\n\n\n<p>Pel que fa a l&#8217;impost sobre successions o donacions, Andorra tamb\u00e9 presenta avantatges, ja que <strong>no aplica a l&#8217;impost significatiu<\/strong> en aquests casos, el que facilita la transmissi\u00f3 de b\u00e9ns a hereus.<\/p>\n\n\n\n<h3 class=\"wp-block-heading\"> Beneficis per inversions i empresaris<\/h3>\n\n\n\n<p>Andorra ofereix avantatges fiscals per aquells emprenedors que desitgen establir una empresa o startup al pa\u00eds. <strong>Els inversors o empresaris que resideixin a Andorra podran beneficiar-se de l&#8217;impost sobre societats del 10%<\/strong> i uns costos relativament baixos a l\u2019hora d\u2019iniciar un negoci. Aix\u00f2 fa que Andorra sigui un indret molt competitiu per crear o gestionar empreses.<\/p>\n\n\n\n<p>A m\u00e9s a m\u00e9s, existeixen<strong> incentius governamentals<\/strong> que fomenten la inversi\u00f3 estrangera, com exoneracions fiscals i <strong>facilitats en la creaci\u00f3 de noves empreses en sectors com el turisme, la tecnologia i les finances.<\/strong><\/p>\n\n\n\n<p>Si ets resident a Andorra i tens inversions a l\u2019estranger, com accions o fons d\u2019inversi\u00f3, generalment no est\u00e0s obligat a pagar impostos sobre aquests actius a Andorra, ja que no existeix un impost sobre el patrimoni ni una doble tributaci\u00f3 sobre les inversions internacionals.<\/p>\n\n\n\n<p>Tamb\u00e9, Andorra t\u00e9 acords amb alguns pa\u00efsos per <strong>evitar la doble imposici\u00f3<\/strong>, el que facilita l&#8217;optimitzaci\u00f3 fiscal de les inversions en altres pa\u00efsos.<\/p>\n\n\n\n<h2 class=\"wp-block-heading\"><span class=\"ez-toc-section\" id=\"Cost_de_vida_a_Andorra_VS_Espanya\"><\/span>Cost de vida a Andorra VS. Espanya<span class=\"ez-toc-section-end\"><\/span><\/h2>\n\n\n\n<p>En termes generals, Andorra tendeix a ser un dest\u00ed atractiu per als seus <strong>beneficis fiscals i la qualitat de vida<\/strong>, tot i que alguns aspectes del cost de vida poden ser m\u00e9s elevats que en moltes \u00e0rees d\u2019Espanya.<\/p>\n\n\n\n<p>Aix\u00f2 es deu, en gran manera, al cost de la vida un be \u201cesc\u00e0s\u201d a Andorra, donada la Baixa extensi\u00f3 territorial, en comparaci\u00f3 amb altres pa\u00efsos d\u2019Europa. El gener de 2024, e<strong>l preu mitj\u00e0 de compra del metre quadrat arribava als 4.582 euros<\/strong>, segons les dades d\u2019Idealista.<\/p>\n\n\n\n<p>Per altra banda, <strong>la cistella de la compra pot tenir un cost lleugerament superior <\/strong>al que tindria a Espanya, tot i que les difer\u00e8ncies no s\u00f3n molt significatives, mentre que els productes m\u00e9s cars com el <strong>tabac o l&#8217;alcohol<\/strong> <strong>si s\u00f3n molt m\u00e9s barats<\/strong>, fonamentalment per l&#8217;abs\u00e8ncia dels impostos que graven el seu preu.<\/p>\n\n\n\n<p>Cap\u00edtol a part mereix el tema de la<strong> gasolina, que continua essent molt m\u00e9s econ\u00f2mic que a Espanya<\/strong>, malgrat l\u2019escalada de preus que marca la pujada del crudo, el que al mateix temps afecta al transport significativament m\u00e9s econ\u00f2mic que a Espanya. Tamb\u00e9 la compra i el manteniment del mateix vehicle resulten m\u00e9s barats que a la resta de la Pen\u00ednsula.<\/p>\n\n\n\n<p>En definitiva, tot i que en determinats aspectes del cost de vida a Andorra el converteixin en una opci\u00f3 m\u00e9s cara que Espanya, els avantatges fiscals de les quals gaudeix el principat compensen aquesta difer\u00e8ncia i el converteixen en un dest\u00ed m\u00e9s que recomanable per residir.<\/p>\n\n\n\n<h2 class=\"wp-block-heading\"><span class=\"ez-toc-section\" id=\"Puc_tenir_la_residencia_fiscal_a_Andorra_i_viure_a_Espanya\"><\/span>Puc tenir la resid\u00e8ncia fiscal a Andorra i viure a Espanya?<span class=\"ez-toc-section-end\"><\/span><\/h2>\n\n\n\n<p>Si, \u00e9s possible tenir la resid\u00e8ncia fiscal a Andorra i viure a Espanya, per\u00f2 <strong>aquest escenari implica certs riscos fiscals i condicions legals de has de tenir en compte per evitar problemes amb l\u2019Ag\u00e8ncia Tribut\u00e0ria Espanyola.<\/strong><\/p>\n\n\n\n<p>Pot ser considerat resident fiscal a Andorra si compleixes amb bels requisits de resid\u00e8ncia, que inclouen <strong>viure m\u00e9s de 183 dies<\/strong> a l\u2019any al pa\u00eds o tenir la <strong>direcci\u00f3 efectiva de la teva activitat econ\u00f2mica a Andorra<\/strong>, \u00e9s a dir, que el teu centre d\u2019interessos econ\u00f2mics i personals estiguin a Andorra.<\/p>\n\n\n\n<p>El principal risc de viure a Espanya i tenir la resid\u00e8ncia fiscal a Andorra \u00e9s que les autoritats fiscals espanyoles podran considerar que realment ets resident fiscal a Espanya.<\/p>\n\n\n\n<p>Aix\u00f2 succeiria si demostren que el teu <strong>centre d\u2019interessos econ\u00f2mics i familiars est\u00e0 a Espanya<\/strong>, el qual contradiria el teu estatus fiscal a Andorra. Si et consideren resident fiscal a Espanya haur\u00e0s de complir amb les obligacions fiscals espanyoles, la qual cosa implica pagar impostos sobre els teus ingressos mundials, sense importar on els generis.<\/p>\n\n\n\n<p>Per minimitzar els riscos, assegurat de<strong> tenir proves clares de la teva resid\u00e8ncia a Andorra com documents o contractes<\/strong>, i del lloc on realment es desenvoluparan els teus interessos econ\u00f2mics i familiars. En cas contrari, podries enfrontar-te a problemes amb <strong>la doble tributaci\u00f3 i obligacions fiscals en ambd\u00f3s pa\u00efsos.<\/strong><\/p>\n\n\n\n<p>Aix\u00f2 mateix,<strong> \u00e9s aplicable tamb\u00e9 a Fran\u00e7a o qualsevol altre pa\u00eds proper<\/strong> en el qual voldries viure tenint la resid\u00e8ncia fiscal a Andorra.<\/p>\n","protected":false},"excerpt":{"rendered":"<p>En els \u00faltims anys, Andorra s\u2019ha convertit en un dest\u00ed fiscal cada vegada m\u00e9s atractiu i, per aix\u00f2, cada vegada m\u00e9s persones o empresaris busquen ser residents a Andorra. Aquest petit principat ofereix un r\u00e8gim impositiu favorable, com un IRPF m\u00e0xim del 10% i un Impost de Societats del 10%, el que el posiciona com [&hellip;]<\/p>\n","protected":false},"author":7,"featured_media":13280,"comment_status":"closed","ping_status":"closed","sticky":false,"template":"","format":"standard","meta":{"_acf_changed":false,"footnotes":""},"categories":[113,112],"tags":[],"class_list":["post-3130","post","type-post","status-publish","format-standard","has-post-thumbnail","hentry","category-empresa-i-fiscalitat","category-viure-a-andorra"],"acf":[],"_links":{"self":[{"href":"https:\/\/www.augelegalfiscal.com\/ca\/wp-json\/wp\/v2\/posts\/3130","targetHints":{"allow":["GET"]}}],"collection":[{"href":"https:\/\/www.augelegalfiscal.com\/ca\/wp-json\/wp\/v2\/posts"}],"about":[{"href":"https:\/\/www.augelegalfiscal.com\/ca\/wp-json\/wp\/v2\/types\/post"}],"author":[{"embeddable":true,"href":"https:\/\/www.augelegalfiscal.com\/ca\/wp-json\/wp\/v2\/users\/7"}],"replies":[{"embeddable":true,"href":"https:\/\/www.augelegalfiscal.com\/ca\/wp-json\/wp\/v2\/comments?post=3130"}],"version-history":[{"count":14,"href":"https:\/\/www.augelegalfiscal.com\/ca\/wp-json\/wp\/v2\/posts\/3130\/revisions"}],"predecessor-version":[{"id":16302,"href":"https:\/\/www.augelegalfiscal.com\/ca\/wp-json\/wp\/v2\/posts\/3130\/revisions\/16302"}],"wp:featuredmedia":[{"embeddable":true,"href":"https:\/\/www.augelegalfiscal.com\/ca\/wp-json\/wp\/v2\/media\/13280"}],"wp:attachment":[{"href":"https:\/\/www.augelegalfiscal.com\/ca\/wp-json\/wp\/v2\/media?parent=3130"}],"wp:term":[{"taxonomy":"category","embeddable":true,"href":"https:\/\/www.augelegalfiscal.com\/ca\/wp-json\/wp\/v2\/categories?post=3130"},{"taxonomy":"post_tag","embeddable":true,"href":"https:\/\/www.augelegalfiscal.com\/ca\/wp-json\/wp\/v2\/tags?post=3130"}],"curies":[{"name":"wp","href":"https:\/\/api.w.org\/{rel}","templated":true}]}}