{"id":16634,"date":"2026-03-16T20:22:04","date_gmt":"2026-03-16T19:22:04","guid":{"rendered":"https:\/\/www.augelegalfiscal.com\/?p=16634"},"modified":"2026-03-18T09:02:48","modified_gmt":"2026-03-18T08:02:48","slug":"creixement-empresarial-andorra","status":"publish","type":"post","link":"https:\/\/www.augelegalfiscal.com\/ca\/creixement-empresarial-andorra\/","title":{"rendered":"L&#8217;atractiu d&#8217;Andorra: Un creixement que supera les barreres legislatives"},"content":{"rendered":"\n<p><p>En els darrers anys, el debat sobre el model de creixement d&#8217;Andorra ha ocupat portades i ha generat constants ajustos en el nostre marc normatiu. Tanmateix, per sobre de qualsevol canvi legislatiu o mesura de control, hi ha una realitat que les dades s&#8217;encarreguen de confirmar amb una contund\u00e8ncia absoluta: <strong>l&#8217;atractiu internacional d&#8217;Andorra \u00e9s, avui dia, una for\u00e7a imparable<\/strong>.<\/p><\/p>\n\n<p><p>Si mirem enrere per analitzar l&#8217;evoluci\u00f3 del nostre teixit empresarial, les xifres parlen per si soles. L&#8217;any 2013, el pa\u00eds comptava amb un cens de 7.480 societats actives. Al tancament de l&#8217;exercici 2025, aquesta xifra s&#8217;ha enfilat fins a les <strong>17.784 societats<\/strong>. Aquest <strong>increment del 137,8%<\/strong> en poc m\u00e9s <strong>d&#8217;una d\u00e8cada<\/strong> no \u00e9s fruit de l&#8217;atzar, sin\u00f3 de la consolidaci\u00f3 d&#8217;un model que ha multiplicat per 2,38 el seu volum inicial.<\/p><\/p>\n\n<figure class=\"wp-block-table\"><table class=\"has-fixed-layout\"><tbody><tr><td class=\"has-text-align-center\" data-align=\"center\"><p>Any<\/p><\/td><td class=\"has-text-align-center\" data-align=\"center\"><p>Societats actives (31\/12)<\/p><\/td><td class=\"has-text-align-center\" data-align=\"center\"><p>% anual<\/p><\/td><td class=\"has-text-align-center\" data-align=\"center\"><p>Altes<\/p><\/td><td class=\"has-text-align-center\" data-align=\"center\"><p>Baixes<\/p><\/td><td class=\"has-text-align-center\" data-align=\"center\"><p>Saldo net<\/p><\/td><\/tr><tr><td class=\"has-text-align-center\" data-align=\"center\"><p><strong>2025<\/strong><\/p><\/td><td class=\"has-text-align-center\" data-align=\"center\">17.784<\/td><td class=\"has-text-align-center\" data-align=\"center\">+9,0%<\/td><td class=\"has-text-align-center\" data-align=\"center\">1.670<\/td><td class=\"has-text-align-center\" data-align=\"center\">208<\/td><td class=\"has-text-align-center\" data-align=\"center\">+1.462<\/td><\/tr><tr><td class=\"has-text-align-center\" data-align=\"center\"><p><strong>2024<\/strong><\/p><\/td><td class=\"has-text-align-center\" data-align=\"center\">16.331<\/td><td class=\"has-text-align-center\" data-align=\"center\">+8,1%<\/td><td class=\"has-text-align-center\" data-align=\"center\">1.450<\/td><td class=\"has-text-align-center\" data-align=\"center\">232<\/td><td class=\"has-text-align-center\" data-align=\"center\">+1.218<\/td><\/tr><tr><td class=\"has-text-align-center\" data-align=\"center\"><p><strong>2023<\/strong><\/p><\/td><td class=\"has-text-align-center\" data-align=\"center\">15.112<\/td><td class=\"has-text-align-center\" data-align=\"center\">+7,4%<\/td><td class=\"has-text-align-center\" data-align=\"center\">1.245<\/td><td class=\"has-text-align-center\" data-align=\"center\">201<\/td><td class=\"has-text-align-center\" data-align=\"center\">+1.044<\/td><\/tr><tr><td class=\"has-text-align-center\" data-align=\"center\"><p><strong>2022<\/strong><\/p><\/td><td class=\"has-text-align-center\" data-align=\"center\">14.073<\/td><td class=\"has-text-align-center\" data-align=\"center\">+9,1%<\/td><td class=\"has-text-align-center\" data-align=\"center\">1.349<\/td><td class=\"has-text-align-center\" data-align=\"center\">180<\/td><td class=\"has-text-align-center\" data-align=\"center\">+1.169<\/td><\/tr><tr><td class=\"has-text-align-center\" data-align=\"center\"><p><strong>2021<\/strong><\/p><\/td><td class=\"has-text-align-center\" data-align=\"center\">12.917<\/td><td class=\"has-text-align-center\" data-align=\"center\">+9,6%<\/td><td class=\"has-text-align-center\" data-align=\"center\">1.308<\/td><td class=\"has-text-align-center\" data-align=\"center\">179<\/td><td class=\"has-text-align-center\" data-align=\"center\">+1.129<\/td><\/tr><tr><td class=\"has-text-align-center\" data-align=\"center\"><p><strong>2020<\/strong><\/p><\/td><td class=\"has-text-align-center\" data-align=\"center\">11.788<\/td><td class=\"has-text-align-center\" data-align=\"center\">+4,5%<\/td><td class=\"has-text-align-center\" data-align=\"center\">642<\/td><td class=\"has-text-align-center\" data-align=\"center\">112<\/td><td class=\"has-text-align-center\" data-align=\"center\">+530<\/td><\/tr><tr><td class=\"has-text-align-center\" data-align=\"center\"><p><strong>2019<\/strong><\/p><\/td><td class=\"has-text-align-center\" data-align=\"center\">11.260<\/td><td class=\"has-text-align-center\" data-align=\"center\">+4,8%<\/td><td class=\"has-text-align-center\" data-align=\"center\">682<\/td><td class=\"has-text-align-center\" data-align=\"center\">167<\/td><td class=\"has-text-align-center\" data-align=\"center\">+515<\/td><\/tr><tr><td class=\"has-text-align-center\" data-align=\"center\"><p><strong>2018<\/strong><\/p><\/td><td class=\"has-text-align-center\" data-align=\"center\">10.744<\/td><td class=\"has-text-align-center\" data-align=\"center\">+6,6%<\/td><td class=\"has-text-align-center\" data-align=\"center\">794<\/td><td class=\"has-text-align-center\" data-align=\"center\">127<\/td><td class=\"has-text-align-center\" data-align=\"center\">+667<\/td><\/tr><tr><td class=\"has-text-align-center\" data-align=\"center\"><p><strong>2017<\/strong><\/p><\/td><td class=\"has-text-align-center\" data-align=\"center\">10.077<\/td><td class=\"has-text-align-center\" data-align=\"center\">+6,7%<\/td><td class=\"has-text-align-center\" data-align=\"center\">778<\/td><td class=\"has-text-align-center\" data-align=\"center\">145<\/td><td class=\"has-text-align-center\" data-align=\"center\">+633<\/td><\/tr><tr><td class=\"has-text-align-center\" data-align=\"center\"><p><strong>2016<\/strong><\/p><\/td><td class=\"has-text-align-center\" data-align=\"center\">9.438<\/td><td class=\"has-text-align-center\" data-align=\"center\">+8,7%<\/td><td class=\"has-text-align-center\" data-align=\"center\">886<\/td><td class=\"has-text-align-center\" data-align=\"center\">133<\/td><td class=\"has-text-align-center\" data-align=\"center\">+753<\/td><\/tr><tr><td class=\"has-text-align-center\" data-align=\"center\"><p><strong>2015<\/strong><\/p><\/td><td class=\"has-text-align-center\" data-align=\"center\">8.685<\/td><td class=\"has-text-align-center\" data-align=\"center\">+8,7%<\/td><td class=\"has-text-align-center\" data-align=\"center\">840<\/td><td class=\"has-text-align-center\" data-align=\"center\">146<\/td><td class=\"has-text-align-center\" data-align=\"center\">+694<\/td><\/tr><tr><td class=\"has-text-align-center\" data-align=\"center\"><p><strong>2014<\/strong><\/p><\/td><td class=\"has-text-align-center\" data-align=\"center\">7.991<\/td><td class=\"has-text-align-center\" data-align=\"center\">+6,8%<\/td><td class=\"has-text-align-center\" data-align=\"center\">703<\/td><td class=\"has-text-align-center\" data-align=\"center\">192<\/td><td class=\"has-text-align-center\" data-align=\"center\">+511<\/td><\/tr><tr><td class=\"has-text-align-center\" data-align=\"center\"><p><strong>2013<\/strong><\/p><\/td><td class=\"has-text-align-center\" data-align=\"center\">7.480<\/td><td class=\"has-text-align-center\" data-align=\"center\">&#8211;<\/td><td class=\"has-text-align-center\" data-align=\"center\">&#8211;<\/td><td class=\"has-text-align-center\" data-align=\"center\">&#8211;<\/td><td class=\"has-text-align-center\" data-align=\"center\">&#8211;<\/td><\/tr><\/tbody><\/table><\/figure>\n\n<p><p><strong>L&#8217;any 2025<\/strong> ha estat especialment significatiu en aquest sentit. Malgrat les veus que preveien un cert refredament, el Principat ha registrat<strong> 1.670 noves altes,<\/strong> el que suposa un creixement anual del <strong>9,0%.<\/strong> Aix\u00f2 es tradueix en una mitjana de 4,58 constitucions di\u00e0ries durant tot l&#8217;any, una dada que demostra que, mentre el nostre entorn mantingui una pressi\u00f3 fiscal agressiva i una p\u00e8rdua constant en la qualitat de vida o la seguretat ciutadana, <strong>Andorra seguir\u00e0 sent la destinaci\u00f3 preferent per a la inversi\u00f3 i el talent.<\/strong><\/p><\/p>\n\n<p><p>Aquest dinamisme s\u2019explica tamb\u00e9 per un factor clau: <strong>la seguretat jur\u00eddica<\/strong>. Mentre que en les jurisdiccions del nostre entorn assistim a una volatilitat normativa que sovint penalitza l\u2019\u00e8xit, Andorra ha sabut mantenir un rumb clar. Les dades de saldo net positiu \u2014amb un acumulat de 10.325 societats des de l&#8217;any 2014\u2014 confirmen que l\u2019empresari no nom\u00e9s busca una tributaci\u00f3 competitiva, sin\u00f3 un escenari on les regles del joc siguin predictibles i respectuoses amb la iniciativa privada. Aquesta estabilitat institucional actua com el millor reclam davant les incerteses externes.<\/p><\/p>\n\n<p><p>Aquesta resili\u00e8ncia del model andorr\u00e0 ens porta a una conclusi\u00f3 fonamental: l&#8217;atractiu del pa\u00eds \u00e9s m\u00e9s potent que qualsevol mesura que es pugui implementar per intentar frenar-ne el flux. L&#8217;\u00e8xit \u00e9s un fet garantit per les nostres condicions intr\u00ednseques de seguretat, estabilitat i fiscalitat competitiva. Per tant, el repte ja no \u00e9s atreure, sin\u00f3 saber gestionar aquest \u00e8xit de manera intel\u00b7ligent.<\/p><\/p>\n\n<p>D\u2019altra banda, l\u2019arribada de nous residents i projectes empresarials ha creat un ecosistema de talent multidisciplinari que es retroalimenta. Ja no parlem nom\u00e9s de xifres absolutes de creixement, sin\u00f3 de la diversificaci\u00f3 de sectors que trien el Principat com a base d\u2019operacions. Aquesta concentraci\u00f3 de capital hum\u00e0 i d&#8217;idees innovadores \u00e9s el que realment blinda el futur del pa\u00eds, convertint-lo en un hub de serveis d&#8217;alt valor afegit que va molt m\u00e9s enll\u00e0 de la simple optimitzaci\u00f3 de costos.<\/p>\n\n<p>Des de la direcci\u00f3 jur\u00eddica del nostre despatx, entenem que el futur no passaper posar traves al creixement, sin\u00f3 per aplicar una visi\u00f3 a llarg termini que ens permeti seleccionar i filtrar quines han de ser les noves&#13;\niniciatives empresarials. Hem de preparar les nostres estructures per rebre&#13;\naquells nous ciutadans i projectes que realment aportin valor afegit i&#13;\nsostenibilitat al pa\u00eds.<\/p>\n\n<p><p>Andorra \u00e9s, sens dubte, un pa\u00eds a l\u2019al\u00e7a. El nostre deure com a professionals \u00e9s <strong>acompanyar aquest creixemen<\/strong>t amb un <a data-mce-href=\"\/?page_id=1700\" href=\"https:\/\/www.augelegalfiscal.com\/ca\/contacte\/\">assessorament d&#8217;excel\u00b7l\u00e8ncia<\/a> que asseguri que aquest \u00e8xit no nom\u00e9s sigui quantitatiu, sin\u00f3 tamb\u00e9 qualitatiu. Si esteu valorant establir la vostra activitat al Principat, el nostre equip est\u00e0 a la vostra disposici\u00f3 per navegar amb seguretat en aquest entorn d&#8217;oportunitats.<\/p><\/p>\n","protected":false},"excerpt":{"rendered":"<p>En els darrers anys, el debat sobre el model de creixement d&#8217;Andorra ha ocupat portades i ha generat constants ajustos en el nostre marc normatiu. Tanmateix, per sobre de qualsevol canvi legislatiu o mesura de control, hi ha una realitat que les dades s&#8217;encarreguen de confirmar amb una contund\u00e8ncia absoluta: l&#8217;atractiu internacional d&#8217;Andorra \u00e9s, avui [&hellip;]<\/p>\n","protected":false},"author":20,"featured_media":16643,"comment_status":"closed","ping_status":"open","sticky":false,"template":"","format":"standard","meta":{"_acf_changed":false,"footnotes":""},"categories":[9],"tags":[],"class_list":["post-16634","post","type-post","status-publish","format-standard","has-post-thumbnail","hentry","category-auge"],"acf":[],"_links":{"self":[{"href":"https:\/\/www.augelegalfiscal.com\/ca\/wp-json\/wp\/v2\/posts\/16634","targetHints":{"allow":["GET"]}}],"collection":[{"href":"https:\/\/www.augelegalfiscal.com\/ca\/wp-json\/wp\/v2\/posts"}],"about":[{"href":"https:\/\/www.augelegalfiscal.com\/ca\/wp-json\/wp\/v2\/types\/post"}],"author":[{"embeddable":true,"href":"https:\/\/www.augelegalfiscal.com\/ca\/wp-json\/wp\/v2\/users\/20"}],"replies":[{"embeddable":true,"href":"https:\/\/www.augelegalfiscal.com\/ca\/wp-json\/wp\/v2\/comments?post=16634"}],"version-history":[{"count":5,"href":"https:\/\/www.augelegalfiscal.com\/ca\/wp-json\/wp\/v2\/posts\/16634\/revisions"}],"predecessor-version":[{"id":16650,"href":"https:\/\/www.augelegalfiscal.com\/ca\/wp-json\/wp\/v2\/posts\/16634\/revisions\/16650"}],"wp:featuredmedia":[{"embeddable":true,"href":"https:\/\/www.augelegalfiscal.com\/ca\/wp-json\/wp\/v2\/media\/16643"}],"wp:attachment":[{"href":"https:\/\/www.augelegalfiscal.com\/ca\/wp-json\/wp\/v2\/media?parent=16634"}],"wp:term":[{"taxonomy":"category","embeddable":true,"href":"https:\/\/www.augelegalfiscal.com\/ca\/wp-json\/wp\/v2\/categories?post=16634"},{"taxonomy":"post_tag","embeddable":true,"href":"https:\/\/www.augelegalfiscal.com\/ca\/wp-json\/wp\/v2\/tags?post=16634"}],"curies":[{"name":"wp","href":"https:\/\/api.w.org\/{rel}","templated":true}]}}