{"id":15837,"date":"2025-12-01T23:57:42","date_gmt":"2025-12-01T22:57:42","guid":{"rendered":"https:\/\/www.augelegalfiscal.com\/?p=15837"},"modified":"2025-12-15T15:55:41","modified_gmt":"2025-12-15T14:55:41","slug":"impostos-andorra-vs-franca","status":"publish","type":"post","link":"https:\/\/www.augelegalfiscal.com\/ca\/impostos-andorra-vs-franca\/","title":{"rendered":"Difer\u00e8ncies d\u2019impostos entre Andorra i Fran\u00e7a"},"content":{"rendered":"\n<p>Per a moltes empreses que ja generen beneficis importants, la gran difer\u00e8ncia entre tributar a Fran\u00e7a o a Andorra no rau nom\u00e9s en el tipus de l\u2019Impost de Societats, sin\u00f3 en quantes vegades es grava un mateix benefici abans d\u2019arribar al soci. \u00c9s aqu\u00ed on el model andorr\u00e0 s\u2019ha convertit en una <a href=\"https:\/\/www.augelegalfiscal.com\/ca\/crear-empresa-andorra\/\" target=\"_blank\" rel=\"noopener\">alternativa molt atractiva per a societats i empresaris<\/a>.<\/p>\n\n<div id=\"ez-toc-container\" class=\"ez-toc-v2_0_79_2 counter-hierarchy ez-toc-counter ez-toc-grey ez-toc-container-direction\">\n<div class=\"ez-toc-title-container\">\n<p class=\"ez-toc-title\" style=\"cursor:inherit\">Taula de continguts<\/p>\n<span class=\"ez-toc-title-toggle\"><a href=\"#\" class=\"ez-toc-pull-right ez-toc-btn ez-toc-btn-xs ez-toc-btn-default ez-toc-toggle\" aria-label=\"Toggle Table of Content\"><span class=\"ez-toc-js-icon-con\"><span class=\"\"><span class=\"eztoc-hide\" style=\"display:none;\">Toggle<\/span><span class=\"ez-toc-icon-toggle-span\"><svg style=\"fill: #8f2b2f;color:#8f2b2f\" xmlns=\"http:\/\/www.w3.org\/2000\/svg\" class=\"list-377408\" width=\"20px\" height=\"20px\" viewBox=\"0 0 24 24\" fill=\"none\"><path d=\"M6 6H4v2h2V6zm14 0H8v2h12V6zM4 11h2v2H4v-2zm16 0H8v2h12v-2zM4 16h2v2H4v-2zm16 0H8v2h12v-2z\" fill=\"currentColor\"><\/path><\/svg><svg style=\"fill: #8f2b2f;color:#8f2b2f\" class=\"arrow-unsorted-368013\" xmlns=\"http:\/\/www.w3.org\/2000\/svg\" width=\"10px\" height=\"10px\" viewBox=\"0 0 24 24\" version=\"1.2\" baseProfile=\"tiny\"><path d=\"M18.2 9.3l-6.2-6.3-6.2 6.3c-.2.2-.3.4-.3.7s.1.5.3.7c.2.2.4.3.7.3h11c.3 0 .5-.1.7-.3.2-.2.3-.5.3-.7s-.1-.5-.3-.7zM5.8 14.7l6.2 6.3 6.2-6.3c.2-.2.3-.5.3-.7s-.1-.5-.3-.7c-.2-.2-.4-.3-.7-.3h-11c-.3 0-.5.1-.7.3-.2.2-.3.5-.3.7s.1.5.3.7z\"\/><\/svg><\/span><\/span><\/span><\/a><\/span><\/div>\n<nav><ul class='ez-toc-list ez-toc-list-level-1 eztoc-toggle-hide-by-default' ><li class='ez-toc-page-1 ez-toc-heading-level-2'><a class=\"ez-toc-link ez-toc-heading-1\" href=\"https:\/\/www.augelegalfiscal.com\/ca\/impostos-andorra-vs-franca\/#1_Impost_de_Societats_dues_filosofies_diferents\" >1. Impost de Societats: dues filosofies diferents<\/a><\/li><li class='ez-toc-page-1 ez-toc-heading-level-2'><a class=\"ez-toc-link ez-toc-heading-2\" href=\"https:\/\/www.augelegalfiscal.com\/ca\/impostos-andorra-vs-franca\/#2_El_moment_decisiu_quan_el_benefici_es_converteix_en_dividend\" >2. El moment decisiu: quan el benefici es converteix en dividend<\/a><\/li><li class='ez-toc-page-1 ez-toc-heading-level-2'><a class=\"ez-toc-link ez-toc-heading-3\" href=\"https:\/\/www.augelegalfiscal.com\/ca\/impostos-andorra-vs-franca\/#3_Un_exemple_clar_1000000_E_de_benefici\" >3. Un exemple clar: 1.000.000 \u20ac de benefici<\/a><\/li><li class='ez-toc-page-1 ez-toc-heading-level-2'><a class=\"ez-toc-link ez-toc-heading-4\" href=\"https:\/\/www.augelegalfiscal.com\/ca\/impostos-andorra-vs-franca\/#4_Mes_enlla_dels_numeros_la_relacio_amb_lAdministracio_tributaria\" >4. M\u00e9s enll\u00e0 dels n\u00fameros: la relaci\u00f3 amb l\u2019Administraci\u00f3 tribut\u00e0ria<\/a><\/li><li class='ez-toc-page-1 ez-toc-heading-level-2'><a class=\"ez-toc-link ez-toc-heading-5\" href=\"https:\/\/www.augelegalfiscal.com\/ca\/impostos-andorra-vs-franca\/#5_Andorra_paga_impostos%E2%80%A6_pero_no_paga_dividends\" >5. Andorra paga impostos\u2026 per\u00f2 no paga dividends<\/a><\/li><\/ul><\/nav><\/div>\n<h2 class=\"wp-block-heading\"><span class=\"ez-toc-section\" id=\"1_Impost_de_Societats_dues_filosofies_diferents\"><\/span><h2><b>1. Impost de Societats: dues filosofies diferents<\/b><span class=\"ez-toc-section-end\"><\/span><\/h2><\/h2>\n\n<p><span style=\"font-weight: 400;\">A Andorra, l\u2019Impost de Societats t\u00e9 un tipus general m\u00e0xim del 10 % sobre el benefici. La l\u00f2gica \u00e9s senzilla: l\u2019empresa calcula el seu resultat, aplica com a m\u00e0xim aquest 10 % i disposa de la resta per reinvertir-la o distribuir-la entre els socis.<\/span><\/p>\n\n<p><span style=\"font-weight: 400;\">A Fran\u00e7a, l\u2019esquema \u00e9s clarament m\u00e9s grav\u00f3s. El tipus general de l\u2019Impost de Societats se situa entorn del 25 %, amb alguns matisos per a petites empreses i determinats trams, per\u00f2 el marc habitual per a una societat en creixement \u00e9s aquest. Amb el mateix compte de resultats, l\u2019empresa andorrana surt amb avantatge: simplement, li queda m\u00e9s benefici net despr\u00e9s de la primera capa d\u2019impostos.<\/span><\/p>\n\n<h2 class=\"wp-block-heading\"><span class=\"ez-toc-section\" id=\"2_El_moment_decisiu_quan_el_benefici_es_converteix_en_dividend\"><\/span><h2><b>2. El moment decisiu: quan el benefici es converteix en dividend<\/b><span class=\"ez-toc-section-end\"><\/span><\/h2><\/h2>\n\n<p>La difer\u00e8ncia real apareix quan l\u2019empresa decideix repartir beneficis.<\/p>\n\n<p>A Andorra, si el soci \u00e9s una persona f\u00edsica resident fiscal al pa\u00eds i rep dividends d\u2019una societat andorrana, aquests dividends no tributen en el seu IRPF. El benefici paga a nivell de societat i, quan \u201cpuja\u201d al soci, no es torna a gravar. El sistema \u00e9s transparent i f\u00e0cil d\u2019entendre: una sola imposici\u00f3 sobre un mateix benefici.<\/p>\n\n<figure class=\"wp-block-image size-large\"><img decoding=\"async\" src=\"https:\/\/www.augelegalfiscal.com\/wp-content\/uploads\/2025\/12\/IRPF-FRA-VS-AND-CAT-1024x435.jpg\" alt=\"IRPF Fran&#xE7;a VS IRPF Andorra\" class=\"wp-image-15948\"\/><\/figure>\n\n<p><span style=\"font-weight: 400;\">Per tant, a Fran\u00e7a es produeix una doble imposici\u00f3 efectiva propera al 50 %.\u00a0<\/span><\/p>\n\n<div style=\"height:15px\" aria-hidden=\"true\" class=\"wp-block-spacer\"><\/div>\n<section class=\"cta-section\">\n <!-- T\u00edtulo --><br \/>\n <span class=\"cta-title\">Requisitos para obtener la residencia fiscal en Andorra<br \/>\n<\/span><\/p>\n<p> <!-- Descripci\u00f3n --><\/p>\n<p class=\"cta-description\">\n Analizamos el concepto de residencia fiscal en Andorra: requisitos, documentaci\u00f3n necesaria, ventajas fiscales. En Aug\u00e9 podemos ayudarte a conseguirla\n <\/p>\n<p> <!-- Bot\u00f3n --><br \/>\n <a class=\"cta-button\" href=\"https:\/\/www.augelegalfiscal.com\/como-obtener-la-residencia-fiscal-en-andorra\/\"><br \/>\n  Leer art\u00edculo<br \/>\n <\/a><br \/>\n<\/section>\n\n<div style=\"height:20px\" aria-hidden=\"true\" class=\"wp-block-spacer\"><\/div>\n\n<h2 class=\"wp-block-heading\"><span class=\"ez-toc-section\" id=\"3_Un_exemple_clar_1000000_E_de_benefici\"><\/span><h2><b>3. Un exemple clar: 1.000.000 \u20ac de benefici<\/b><span class=\"ez-toc-section-end\"><\/span><\/h2><\/h2>\n\n<p>Si una societat obt\u00e9 1.000.000 \u20ac de benefici i decideix repartir-lo \u00edntegrament, la difer\u00e8ncia pr\u00e0ctica entre els dos models \u00e9s molt il\u00b7lustrativa.<\/p>\n\n<p>A Andorra, l\u2019empresa pagaria un 10 % d\u2019Impost de Societats, \u00e9s a dir, 100.000 \u20ac. En quedarien 900.000 \u20ac de benefici net. Si aquest import es distribueix com a dividend a un soci persona f\u00edsica resident a Andorra, el soci rep els 900.000 \u20ac \u00edntegres, perqu\u00e8 aquests dividends no tornen a tributar.<\/p>\n\n<p>A Fran\u00e7a, amb el mateix mili\u00f3 de benefici, l\u2019empresa paga un 25 % d\u2019IS: 250.000 \u20ac. En queden 750.000 \u20ac per repartir. Quan el soci rep aquest dividend, la flat tax del 30 % suposa 225.000 \u20ac addicionals d\u2019impostos. El resultat net que arriba al soci es redueix a 525.000 \u20ac.<\/p>\n\n<p>Mateix negoci, mateix benefici abans d\u2019impostos, per\u00f2 el resultat final \u00e9s radicalment diferent: a Andorra al soci li arriben 900.000 \u20ac nets; a Fran\u00e7a es queda tot just amb 525.000 \u20ac. La combinaci\u00f3 de tipus m\u00e9s baix d\u2019IS i abs\u00e8ncia d\u2019imposici\u00f3 sobre dividends per al resident andorr\u00e0 \u00e9s el que marca la difer\u00e8ncia.<\/p>\n\n<h2 class=\"wp-block-heading\"><span class=\"ez-toc-section\" id=\"4_Mes_enlla_dels_numeros_la_relacio_amb_lAdministracio_tributaria\"><\/span><h2><b>4. M\u00e9s enll\u00e0 dels n\u00fameros: la relaci\u00f3 amb l\u2019Administraci\u00f3 tribut\u00e0ria<\/b><span class=\"ez-toc-section-end\"><\/span><\/h2><\/h2>\n\n<p>Hi ha un altre factor que molts empresaris tenen en compte: el dia a dia amb l\u2019Administraci\u00f3.<\/p>\n\n<p>A Andorra, l\u2019administraci\u00f3 tribut\u00e0ria \u00e9s m\u00e9s redu\u00efda, el nombre de contribuents \u00e9s menor i la relaci\u00f3 sol ser m\u00e9s directa. Sense idealitzar el sistema, la percepci\u00f3 general \u00e9s la d\u2019un entorn m\u00e9s estable, amb menys burocr\u00e0cia i amb menys sensaci\u00f3 de \u201cpersecuci\u00f3 permanent\u201d.<\/p>\n\n<p>A Fran\u00e7a, el marc fiscal es percep com m\u00e9s pesat: m\u00e9s nivells d\u2019imposici\u00f3, m\u00e9s obligacions formals, m\u00e9s controls i una cultura de supervisi\u00f3 intensa, especialment sobre empreses que gestionen volums elevats. Per a molts directius, aix\u00f2 es tradueix en temps, recursos i energia desviats cap a la gesti\u00f3 fiscal en lloc de centrar-se en negoci i creixement.<\/p>\n\n<div style=\"height:15px\" aria-hidden=\"true\" class=\"wp-block-spacer\"><\/div>\n<section class=\"cta-section\">\n <!-- T\u00edtulo --><br \/>\n <span class=\"cta-title\">\u00bfC\u00f3mo trasladar una empresa a Andorra?<br \/>\n<\/span><\/p>\n<p> <!-- Descripci\u00f3n --><\/p>\n<p class=\"cta-description\">\n Descubre c\u00f3mo trasladar tu empresa a Andorra paso a paso y crear aqu\u00ed tu nueva vida familiar: requisitos, beneficios y tr\u00e1mites.\n <\/p>\n<p> <!-- Bot\u00f3n --><br \/>\n <a class=\"cta-button\" href=\"https:\/\/www.augelegalfiscal.com\/trasladar-empresa-andorra\/\"><br \/>\n  Leer art\u00edculo<br \/>\n <\/a><br \/>\n<\/section>\n\n<div style=\"height:20px\" aria-hidden=\"true\" class=\"wp-block-spacer\"><\/div>\n\n<h2 class=\"wp-block-heading\"><span class=\"ez-toc-section\" id=\"5_Andorra_paga_impostos%E2%80%A6_pero_no_paga_dividends\"><\/span>5. Andorra paga impostos\u2026 per\u00f2 no paga dividends<span class=\"ez-toc-section-end\"><\/span><\/h2>\n\n<p>La imatge hist\u00f2rica d\u2019Andorra com a \u201cparad\u00eds fiscal\u201d no encaixa amb la realitat actual. El pa\u00eds t\u00e9 Impost de Societats, IRPF i un impost indirecte similar a l\u2019IVA, a m\u00e9s d\u2019estar alineat amb els est\u00e0ndards internacionals de transpar\u00e8ncia.&#13;\n<\/p>\n\n<figure class=\"wp-block-image size-large\"><img decoding=\"async\" src=\"https:\/\/www.augelegalfiscal.com\/wp-content\/uploads\/2025\/12\/IGI-AND-VS-TVA-FRA-CAT-1024x527.jpg\" alt=\"IGI Andorra vs TVA Fran&#xE7;a\" class=\"wp-image-15955\"\/><\/figure>\n\n<p>La difer\u00e8ncia no rau en no pagar, sin\u00f3 en:<\/p>\n\n<ul class=\"wp-block-list\">\n<li>pagar menys a nivell societari,<\/li>\n\n\n\n<li>evitar que un mateix benefici tributi dues vegades quan arriba al soci,<\/li>\n\n\n\n<li>i operar en un entorn m\u00e9s previsible i menys hostil per a l\u2019empresa.<\/li>\n<\/ul>\n\n<p>Per aix\u00f2, per a determinades societats (especialment de serveis, holdings o grups amb capacitat real d\u2019establir-se i operar des del Principat), Andorra s\u2019ha convertit en una opci\u00f3 estrat\u00e8gica: el benefici de l\u2019empresa no nom\u00e9s es genera, tamb\u00e9 es conserva.<\/p>\n","protected":false},"excerpt":{"rendered":"<p>Per a moltes empreses que ja generen beneficis importants, la gran difer\u00e8ncia entre tributar a Fran\u00e7a o a Andorra no rau nom\u00e9s en el tipus de l\u2019Impost de Societats, sin\u00f3 en quantes vegades es grava un mateix benefici abans d\u2019arribar al soci. \u00c9s aqu\u00ed on el model andorr\u00e0 s\u2019ha convertit en una alternativa molt atractiva [&hellip;]<\/p>\n","protected":false},"author":8,"featured_media":15831,"comment_status":"closed","ping_status":"open","sticky":false,"template":"","format":"standard","meta":{"_acf_changed":false,"footnotes":""},"categories":[113],"tags":[],"class_list":["post-15837","post","type-post","status-publish","format-standard","has-post-thumbnail","hentry","category-empresa-i-fiscalitat"],"acf":[],"_links":{"self":[{"href":"https:\/\/www.augelegalfiscal.com\/ca\/wp-json\/wp\/v2\/posts\/15837","targetHints":{"allow":["GET"]}}],"collection":[{"href":"https:\/\/www.augelegalfiscal.com\/ca\/wp-json\/wp\/v2\/posts"}],"about":[{"href":"https:\/\/www.augelegalfiscal.com\/ca\/wp-json\/wp\/v2\/types\/post"}],"author":[{"embeddable":true,"href":"https:\/\/www.augelegalfiscal.com\/ca\/wp-json\/wp\/v2\/users\/8"}],"replies":[{"embeddable":true,"href":"https:\/\/www.augelegalfiscal.com\/ca\/wp-json\/wp\/v2\/comments?post=15837"}],"version-history":[{"count":8,"href":"https:\/\/www.augelegalfiscal.com\/ca\/wp-json\/wp\/v2\/posts\/15837\/revisions"}],"predecessor-version":[{"id":15962,"href":"https:\/\/www.augelegalfiscal.com\/ca\/wp-json\/wp\/v2\/posts\/15837\/revisions\/15962"}],"wp:featuredmedia":[{"embeddable":true,"href":"https:\/\/www.augelegalfiscal.com\/ca\/wp-json\/wp\/v2\/media\/15831"}],"wp:attachment":[{"href":"https:\/\/www.augelegalfiscal.com\/ca\/wp-json\/wp\/v2\/media?parent=15837"}],"wp:term":[{"taxonomy":"category","embeddable":true,"href":"https:\/\/www.augelegalfiscal.com\/ca\/wp-json\/wp\/v2\/categories?post=15837"},{"taxonomy":"post_tag","embeddable":true,"href":"https:\/\/www.augelegalfiscal.com\/ca\/wp-json\/wp\/v2\/tags?post=15837"}],"curies":[{"name":"wp","href":"https:\/\/api.w.org\/{rel}","templated":true}]}}