{"id":12960,"date":"2025-01-13T20:08:39","date_gmt":"2025-01-13T19:08:39","guid":{"rendered":"https:\/\/www.augelegalfiscal.com\/traslladar-empresa-andorra\/"},"modified":"2026-04-28T10:07:56","modified_gmt":"2026-04-28T08:07:56","slug":"traslladar-empresa-andorra","status":"publish","type":"post","link":"https:\/\/www.augelegalfiscal.com\/ca\/traslladar-empresa-andorra\/","title":{"rendered":"\u00bfCom tratslladar una empresa a Andorra?"},"content":{"rendered":"\n<p class=\"has-text-align-left\"><strong>El Principat d&#8217;Andorra \u00e9s una de les destinacions m\u00e9s atractives d\u2019Europa en l&#8217;\u00e0mbit empresarial<\/strong>, tant pel context que ofereix a les societats com per determinades caracter\u00edstiques que ofereix als seus residents fora de l\u2019\u00e0mbit professional.<\/p>\n\n<p>Ara b\u00e9, traslladar una empresa a Andorra no consisteix simplement a canviar una adre\u00e7a fiscal. Es tracta d\u2019un proc\u00e9s que exigeix planificaci\u00f3, compliment normatiu i, sobretot, coher\u00e8ncia entre l\u2019estructura empresarial i la resid\u00e8ncia personal de l\u2019empresari. El Principat exigeix una activitat econ\u00f2mica real i nous requisits d\u2019inversi\u00f3 i resid\u00e8ncia d\u2019acord amb la <a href=\"https:\/\/www.augelegalfiscal.com\/ca\/llei-omnibus-2\/\">Llei \u00d2mnibus 2<\/a> (Llei 2\/2026, de 22 de gener). A continuaci\u00f3, analitzem com dur a terme aquest trasllat de manera legal i eficient.<\/p>\n\n<div id=\"ez-toc-container\" class=\"ez-toc-v2_0_79_2 counter-hierarchy ez-toc-counter ez-toc-grey ez-toc-container-direction\">\n<div class=\"ez-toc-title-container\">\n<p class=\"ez-toc-title\" style=\"cursor:inherit\">Taula de continguts<\/p>\n<span class=\"ez-toc-title-toggle\"><a href=\"#\" class=\"ez-toc-pull-right ez-toc-btn ez-toc-btn-xs ez-toc-btn-default ez-toc-toggle\" aria-label=\"Toggle Table of Content\"><span class=\"ez-toc-js-icon-con\"><span class=\"\"><span class=\"eztoc-hide\" style=\"display:none;\">Toggle<\/span><span class=\"ez-toc-icon-toggle-span\"><svg style=\"fill: #8f2b2f;color:#8f2b2f\" xmlns=\"http:\/\/www.w3.org\/2000\/svg\" class=\"list-377408\" width=\"20px\" height=\"20px\" viewBox=\"0 0 24 24\" fill=\"none\"><path d=\"M6 6H4v2h2V6zm14 0H8v2h12V6zM4 11h2v2H4v-2zm16 0H8v2h12v-2zM4 16h2v2H4v-2zm16 0H8v2h12v-2z\" fill=\"currentColor\"><\/path><\/svg><svg style=\"fill: #8f2b2f;color:#8f2b2f\" class=\"arrow-unsorted-368013\" xmlns=\"http:\/\/www.w3.org\/2000\/svg\" width=\"10px\" height=\"10px\" viewBox=\"0 0 24 24\" version=\"1.2\" baseProfile=\"tiny\"><path d=\"M18.2 9.3l-6.2-6.3-6.2 6.3c-.2.2-.3.4-.3.7s.1.5.3.7c.2.2.4.3.7.3h11c.3 0 .5-.1.7-.3.2-.2.3-.5.3-.7s-.1-.5-.3-.7zM5.8 14.7l6.2 6.3 6.2-6.3c.2-.2.3-.5.3-.7s-.1-.5-.3-.7c-.2-.2-.4-.3-.7-.3h-11c-.3 0-.5.1-.7.3-.2.2-.3.5-.3.7s.1.5.3.7z\"\/><\/svg><\/span><\/span><\/span><\/a><\/span><\/div>\n<nav><ul class='ez-toc-list ez-toc-list-level-1 eztoc-toggle-hide-by-default' ><li class='ez-toc-page-1 ez-toc-heading-level-2'><a class=\"ez-toc-link ez-toc-heading-1\" href=\"https:\/\/www.augelegalfiscal.com\/ca\/traslladar-empresa-andorra\/#Per_que_traslladar_la_teva_empresa_a_Andorra\" >Per qu\u00e8 traslladar la teva empresa a Andorra?<\/a><\/li><li class='ez-toc-page-1 ez-toc-heading-level-2'><a class=\"ez-toc-link ez-toc-heading-2\" href=\"https:\/\/www.augelegalfiscal.com\/ca\/traslladar-empresa-andorra\/#Com_traslladar_la_teva_empresa_pas_per_pas\" >Com traslladar la teva empresa pas per pas<\/a><\/li><li class='ez-toc-page-1 ez-toc-heading-level-2'><a class=\"ez-toc-link ez-toc-heading-3\" href=\"https:\/\/www.augelegalfiscal.com\/ca\/traslladar-empresa-andorra\/#Com_traslladar-te_a_viure_al_principat\" >Com traslladar-te a viure al principat?<\/a><\/li><\/ul><\/nav><\/div>\n<h2 class=\"wp-block-heading\"><span class=\"ez-toc-section\" id=\"Per_que_traslladar_la_teva_empresa_a_Andorra\"><\/span><h2>Per qu\u00e8 traslladar la teva empresa a Andorra?<span class=\"ez-toc-section-end\"><\/span><\/h2><\/h2>\n\n<p>Qualsevol que es plantegi traslladar una societat al <strong>Principat d\u2019Andorra ja coneix quines s\u00f3n els principals avantatges<\/strong>, sobretot en l&#8217;\u00e0mbit fiscal, de realitzar aquest moviment. Ara b\u00e9, no est\u00e0 de m\u00e9s recordar alguns detalls sobre aquests efectes i, a m\u00e9s a m\u00e9s, tenir en compte altres beneficis que van m\u00e9s enll\u00e0 de les taxes i impostos.<\/p>\n\n<h3 class=\"wp-block-heading\"><h3><strong>Avantatges fiscals<\/strong><\/h3><\/h3>\n\n<p>Com era d\u2019esperar, <strong>el primer motiu per traslladar una empresa a Andorra es troba en els avantatges fiscals que suposa aquesta acci\u00f3<\/strong>. Les baixes tasses en conceptes com el IGI (IVA andorr\u00e0) o l\u2019impost de Societats i la possibilitat de extensi\u00f3 d\u2019alguns d\u2019aquests impostos s\u00f3n un atractiu evident per a tota mena de societats. Per il\u00b7lustrar aquesta situaci\u00f3, no hi ha res millor que fer una comparativa de l&#8217;Impost de Societats entre el principat i altres pa\u00efsos europeus:<\/p>\n\n<figure class=\"wp-block-table\"><table class=\"has-fixed-layout\"><tbody><tr><td colspan=\"2\"><b>Seguretat jur\u00eddica i econ\u00f2mica<\/b><\/td><\/tr><tr><td><b>Andorra<\/b><\/td><td><b>10%<\/b><\/td><\/tr><tr><td><span style=\"font-weight: 400;\">Alb\u00e0nia<\/span><\/td><td><span style=\"font-weight: 400;\">15%<\/span><\/td><\/tr><tr><td><span style=\"font-weight: 400;\">Alemanya<\/span><\/td><td><span style=\"font-weight: 400;\">30%<\/span><\/td><\/tr><tr><td><span style=\"font-weight: 400;\">\u00c0ustria<\/span><\/td><td><span style=\"font-weight: 400;\">23%<\/span><\/td><\/tr><tr><td><span style=\"font-weight: 400;\">B\u00e8lgica<\/span><\/td><td><span style=\"font-weight: 400;\">25%<\/span><\/td><\/tr><tr><td><span style=\"font-weight: 400;\">Cro\u00e0cia<\/span><\/td><td><span style=\"font-weight: 400;\">18%<\/span><\/td><\/tr><tr><td><span style=\"font-weight: 400;\">Dinamarca<\/span><\/td><td><span style=\"font-weight: 400;\">22%<\/span><\/td><\/tr><tr><td><span style=\"font-weight: 400;\">Eslovaquia<\/span><\/td><td><span style=\"font-weight: 400;\">21%<\/span><\/td><\/tr><tr><td><span style=\"font-weight: 400;\">Eslov\u00e8nia<\/span><\/td><td><span style=\"font-weight: 400;\">22%<\/span><\/td><\/tr><tr><td><span style=\"font-weight: 400;\">Espanya<\/span><\/td><td><span style=\"font-weight: 400;\">25%<\/span><\/td><\/tr><tr><td><span style=\"font-weight: 400;\">Est\u00f2nia&lt;\/span<\/span><\/td><td><span style=\"font-weight: 400;\">20%<\/span><\/td><\/tr><tr><td><span style=\"font-weight: 400;\">Fran\u00e7a<\/span><\/td><td><span style=\"font-weight: 400;\">25%<\/span><\/td><\/tr><tr><td><span style=\"font-weight: 400;\">Gr\u00e8cia<\/span><\/td><td><span style=\"font-weight: 400;\">22%<\/span><\/td><\/tr><tr><td><span style=\"font-weight: 400;\">Hongria<\/span><\/td><td><span style=\"font-weight: 400;\">9%<\/span><\/td><\/tr><tr><td><span style=\"font-weight: 400;\">Irlanda<\/span><\/td><td><span style=\"font-weight: 400;\">12,5%<\/span><\/td><\/tr><tr><td><span style=\"font-weight: 400;\">It\u00e0lia<\/span><\/td><td><span style=\"font-weight: 400;\">24%<\/span><\/td><\/tr><tr><td><span style=\"font-weight: 400;\">Liechtenstein<\/span><\/td><td><span style=\"font-weight: 400;\">12,5%<\/span><\/td><\/tr><tr><td><span style=\"font-weight: 400;\">Luxemburg<\/span><\/td><td><span style=\"font-weight: 400;\">24,94%<\/span><\/td><\/tr><tr><td><span style=\"font-weight: 400;\">Noruega<\/span><\/td><td><span style=\"font-weight: 400;\">22%<\/span><\/td><\/tr><tr><td><span style=\"font-weight: 400;\">Pa\u00edses Bajos<\/span><\/td><td><span style=\"font-weight: 400;\">25,8%<\/span><\/td><\/tr><tr><td><span style=\"font-weight: 400;\">Pol\u00f2nia<\/span><\/td><td><span style=\"font-weight: 400;\">19%<\/span><\/td><\/tr><tr><td><span style=\"font-weight: 400;\">Portugal<\/span><\/td><td><span style=\"font-weight: 400;\">21%<\/span><\/td><\/tr><tr><td><span style=\"font-weight: 400;\">Regne Unit<\/span><\/td><td><span style=\"font-weight: 400;\">25%<\/span><\/td><\/tr><tr><td><span style=\"font-weight: 400;\">Rep\u00fablica Txeca<\/span><\/td><td><span style=\"font-weight: 400;\">21%<\/span><\/td><\/tr><tr><td><span style=\"font-weight: 400;\">Romania<\/span><\/td><td><span style=\"font-weight: 400;\">16%<\/span><\/td><\/tr><tr><td><span style=\"font-weight: 400;\">Su\u00e8cia<\/span><\/td><td><span style=\"font-weight: 400;\">20,6%<\/span><\/td><\/tr><tr><td><span style=\"font-weight: 400;\">Suiza<\/span><\/td><td><span style=\"font-weight: 400;\">14,6%<\/span><\/td><\/tr><\/tbody><\/table><\/figure>\n\n<h3 class=\"wp-block-heading\"><strong> Seguretat jur\u00eddica i econ\u00f2mica<\/strong><\/h3>\n\n<p><strong>L\u2019ambient pol\u00edtic i socioecon\u00f2mic al Principat d\u2019Andorra \u00e9s molt estable, el que resulta summament favorable per a les empreses<\/strong>, que troben mecanismes fiscals com tractats de doble imposici\u00f3, que eliminen l&#8217;obligatorietat de tributar en dos estats simult\u00e0niament gr\u00e0cies a certs convenis internacionals \u2013 el que resulta atractiu per empresaris i inversors.<\/p>\n\n<p>En conseq\u00fc\u00e8ncia, sempre que es compleixi amb la legislaci\u00f3 vigent, <strong>els actius de les societats resten segurs i blindats<\/strong> en enfront de possibles inconvenients legals.<\/p>\n\n<h3 class=\"wp-block-heading\"><h3><span style=\"font-weight: 400;\">Entorn empresarial atractiu<\/span><\/h3><\/h3>\n\n<p>Existeixen diversos motius que fan <strong>d\u2019Andorra un entorn especialment idoni per traslladar una empresa<\/strong>, m\u00e9s enll\u00e0 dels mencionats beneficis fiscals. Sense anar m\u00e9s lluny, si tenim en compte la <strong>infraestructura tecnol\u00f2gica<\/strong> del principat, amb cobertura de fibra \u00f2ptica a cada rac\u00f3, els negocis en l\u00ednia es troben en un context \u00f2ptim per cr\u00e9ixer en un mercat internacional cada vegada m\u00e9s digitalitzat.<\/p>\n\n<p>Fora de el professional \u2013 tot i que estretament lligat a aquest \u00e0mbit-, cal mencionar tamb\u00e9 la <strong>qualitat de vida<\/strong>, que t\u00e9 molt a veure amb el f\u00e0cil acc\u00e9s a la CASS o als baixos \u00edndex de delinq\u00fc\u00e8ncia, entre altres motius.<\/p>\n\n<h2 class=\"wp-block-heading\"><span class=\"ez-toc-section\" id=\"Com_traslladar_la_teva_empresa_pas_per_pas\"><\/span><h2>Com traslladar la teva empresa pas per pas<span class=\"ez-toc-section-end\"><\/span><\/h2><\/h2>\n\n<p>M\u00e9s enll\u00e0 de les avantatges d&#8217;un moviment professional cap al principat, el proc\u00e9s fins a consolidar-se definitivament en aquest pa\u00eds comporta certs moviments ineludibles. En aquest recorregut existeixen passos obligatoris i altres, especialment a l\u2019inici, que s\u00f3n causats pel sentit com\u00fa. En definitiva, des del punt de vista de l&#8217;assessoria legal, <strong>aquestes s\u00f3n les set fases principals a l\u2019hora de traslladar una empresa a Andorra:<\/strong><\/p>\n\n<h3 class=\"wp-block-heading\"><h3><span style=\"font-weight: 400;\"><strong>1. Analizar la viabilidad del traslado: pros y contras<\/strong><\/span><\/h3><\/h3>\n\n<p>Com en cada moviment de gran rellev\u00e0ncia que faci una organitzaci\u00f3, \u00e9s de vital import\u00e0ncia dur a terme <strong>un an\u00e0lisi previ de viabilitat que ofereixi una previsi\u00f3 realista dels resultats<\/strong> i, sobretot, si aquests s\u2019aproximen als beneficis que esperem obtindr\u00e9 amb el trasllat de la societat a Andorra.<\/p>\n\n<p>En aquest sentit, es fa totalment imprescindible el suport d\u2019una <strong>assessoria legal i fiscal especialitzada en el principat<\/strong>. Que et pugui oferir i aportar tota la informaci\u00f3 necess\u00e0ria.<\/p>\n\n<h3 class=\"wp-block-heading\"><h3><strong>Escull un tipus de societat<\/strong><\/h3><\/h3>\n\n<p><strong>En traslladar una empresa a Andorra \u00e9s necessari escollir el tipus de societat que interessa constituir<\/strong>. Abans de fer-ho, conv\u00e9 entendre les caracter\u00edstiques principals de cada alternativa, especialment en el que respecte a q\u00fcestions com el capital social o el tipus de mercat al qual s\u2019integrar\u00e0 el negoci. Aquestes s\u00f3n les opcions m\u00e9s comunes a aquests efectes:<\/p>\n\n<ul class=\"wp-block-list\">\n<li><span style=\"font-weight: 400;\">Una <\/span><b>SA -Sociedad An\u00f3nima-<\/b><span style=\"font-weight: 400;\">,que requereix un capital social m\u00ednim de 60.000 i est\u00e0 recomanada per organitzacions de gran mida. <\/span><\/li>\n\n\n\n<li><span style=\"font-weight: 400;\">Una <\/span><b>SL -Sociedad Limitada-<\/b><span style=\"font-weight: 400;\">,destinada principalment a pymes, que exigeix un capital social m\u00ednim de 3.000 euros<\/span><\/li>\n\n\n\n<li><span style=\"font-weight: 400;\">Una <\/span><b>SLU -Sociedad Limitada Unipersonal-<\/b><span style=\"font-weight: 400;\">, con el mismo capital m\u00ednimo que la SL o el alta como <\/span><b>aut\u00f3nomo<\/b><span style=\"font-weight: 400;\">, amb el mateix capital m\u00ednim que la SL l\u2019alta com aut\u00f2nom, sense necessitat de capital m\u00ednim, s\u00f3n les opcions preferencials per a negocis d\u2019un sol membre, com els n\u00f2mades digitals.<\/span><\/li>\n\n\n\n<li><span style=\"font-weight: 400;\">La <\/span><b>Sociedad Colectiva<\/b><span style=\"font-weight: 400;\"> tamb\u00e9 es recomana per negocis de petita envergadura i no necessita capital m\u00ednim inicial <\/span><\/li>\n\n\n\n<li><span style=\"font-weight: 400;\">El <\/span><b>Holding<\/b><span style=\"font-weight: 400;\"> \u00e9s una agrupaci\u00f3 de societats sota una empresa matriu, que igualment haur\u00e0 d\u2019escollir una de les modalitats anteriors en constituir-se, per\u00f2 interessa con\u00e8ixer-lo com una alternativa m\u00e9s en traslladar-se a Andorra.&#13;\n<\/span><\/li>\n<\/ul>\n\n<section class=\"cta-section\">\r\n <!-- T\u00edtulo -->\r\n <span class=\"cta-title\">Requisits per obtenir la resid\u00e8ncia passiva a Andorra<\/span>\r\n  \r\n <!-- Descripci\u00f3n -->\r\n <p class=\"cta-description\">\r\nAnalitzem el concepte de resid\u00e8ncia passiva a Andorra: documentaci\u00f3 necess\u00e0ria, requisits i inversions. A Aug\u00e8 podem ajudar-te a aconseguir-la.\r\n <\/p>\r\n <!-- Bot\u00f3n -->\r\n <a class=\"cta-button\" href=\"https:\/\/www.augelegalfiscal.com\/ca\/residencia-passiva-andorra\/\">\r\n  Llegir l\u2019article\r\n <\/a>\r\n<\/section>\r\n\n<h3 class=\"wp-block-heading\"><h3><span style=\"font-weight: 400;\">Reuneix la documentaci\u00f3 necess\u00e0ria<\/span><\/h3><\/h3>\n\n<p><p style=\"text-align: left;\">Per poder <a href=\"https:\/\/www.augelegalfiscal.com\/ca\/crear-empresa-andorra\/\">crear una empresa a Andorra<\/a> o traslladar-la, \u00e9s inevitable <strong>recopilar i presentar una s\u00e8rie de documents<\/strong>, molts d\u2019ells els quals serveixen per complir estrictes est\u00e0ndards de transpar\u00e8ncia internacional \u2013 lluny del que sol pensar-se al voltant dels negocis al principat-. La Principal documentaci\u00f3 que s\u2019ha de portar en el moment de construir la societat \u00e9s la seg\u00fcent:<\/p><\/p>\n\n<ul class=\"wp-block-list\">\n<li><b>Antecedents penals<\/b><span style=\"font-weight: 400;\"> legalitzats com corresponen per la Postil\u00b7la de la Haia, s\u2019ha de tenir una validesa de tres mesos des de que s\u2019emet.<\/span><\/li>\n\n\n\n<li><span style=\"font-weight: 400;\">Declaracions d&#8217;impostos i acreditaci\u00f3 de l&#8217;origen dels fons per demostrar la <\/span><b> solv\u00e8ncia fiscal.<\/b><\/li>\n\n\n\n<li><span style=\"font-weight: 400;\">Documents en relaci\u00f3 amb el <\/span><b>perfil laboral de l&#8217;empresari<\/b><span style=\"font-weight: 400;\"> yi el seu model de negoci, incloent-hi una planificaci\u00f3 i el seu curriculum vitae.<\/span><\/li>\n\n\n\n<li><span style=\"font-weight: 400;\">Copia del <\/span><b>passaport<\/b><span style=\"font-weight: 400;\"> legalitzat mitjan\u00e7ant la Postil\u00b7la de la Haia<\/span><\/li>\n<\/ul>\n\n<h3 class=\"wp-block-heading\"><h3><strong>Registra l\u2019empresa<\/strong><\/h3><\/h3>\n\n<p>El registre d&#8217;una societat en el Principat d\u2019Andorra comporta un proc\u00e9s compost per diversos tr\u00e0mits i passos, la qual cosa suposa que la formalitzaci\u00f3 de l\u2019empresa es dilati en el temps per <strong>un per\u00edode aproximat d&#8217;entre 7 i 12 setmanes<\/strong>. A m\u00e9s a m\u00e9s, aquest recorregut tamb\u00e9 implica <strong>alguns costos m\u00e9s enll\u00e0 del capital social<\/strong>, com els 850 \u20ac que arriben a les taxes de registre i matr\u00edcula de la societat, els honoraris de l\u2019assessoria fiscal que acompanyi el proc\u00e9s o les despeses notarials. Aquestes s\u00f3n les diferents etapes de les quals consten.<\/p>\n\n<ul class=\"wp-block-list\">\n<li><span style=\"font-weight: 400;\">Sol\u00b7licitud de <\/span><b>denominaci\u00f3 social<\/b><span style=\"font-weight: 400;\"> amb una proposta de tres nombres per ordre de prefer\u00e8ncia <\/span><\/li>\n\n\n\n<li><b>Sol\u00b7licitud d\u2019inversi\u00f3 estrangera<\/b><span style=\"font-weight: 400;\"> per empresaris no residents en el principat <\/span><\/li>\n\n\n\n<li><span style=\"font-weight: 400;\">Obertura d\u2019un <\/span><b>compte bancari<\/b><span style=\"font-weight: 400;\"> amb el capital social m\u00ednim requerit<\/span><\/li>\n\n\n\n<li><span style=\"font-weight: 400;\">Inscripci\u00f3 en el <\/span><b>registre mercantil <\/b><span style=\"font-weight: 400;\">i en el <\/span><b> registre de societats<\/b><span style=\"font-weight: 400;\"> del pa\u00eds.<\/span><\/li>\n\n\n\n<li><b>Dip\u00f2sits de garantia en la AFA <\/b><span style=\"font-weight: 400;\"> \u2013 Autoritat Financera d\u2019Andorra \u2013 per demostrar el compliment de la legislaci\u00f3 financera i fiscal del principat<\/span><\/li>\n\n\n\n<li><b>Registre de comer\u00e7 i ind\u00fastria,<\/b><span style=\"font-weight: 400;\">, \u2019organisme que atorga personalitat jur\u00eddica a les empreses a Andorra i <\/span><b>ombre del registre tributari<\/b><span style=\"font-weight: 400;\"> -NRT-, que \u00e9s la identificaci\u00f3 fiscal de l\u2019organitzaci\u00f3 .<\/span><\/li>\n\n\n\n<li><span style=\"font-weight: 400;\">Inscripci\u00f3 a la <\/span><b>CASS<\/b><span style=\"font-weight: 400;\"> \u2013 Caixa Andorrana de Seguretat Social-..<\/span><\/li>\n<\/ul>\n\n<h3 class=\"wp-block-heading\"><h3><strong>Obre un compte bancari<\/strong><\/h3><\/h3>\n\n<p>Si seguim el proc\u00e9s de registre d\u2019una empresa recentment desenvolupat, una de les etapes claus resideix en <strong>l&#8217;obertura d\u2019un compte bancari d\u2019empresa, que mereix una menci\u00f3 a part de ser, potser, el moment m\u00e9s complex<\/strong> i \u00e9s que per completar aquest tr\u00e0mit \u00e9s imprescindible superar les complaences de l&#8217;entitat banc\u00e0ria acreditant l\u2019origen dels fons \u2013 SOF- i l&#8217;activitat econ\u00f2mica de la societat.<\/p>\n\n<h3 class=\"wp-block-heading\"><h3>Estableix la teva seu f\u00edsica<\/h3><\/h3>\n\n<p>Excepte en el cas de negocis que operen exclusivament en l\u00ednia, la seu f\u00edsica d\u2019una empresa \u00e9s essencial independentment de quin sigui el seu sector. En aquest sentit, <strong>l&#8217;empla\u00e7ament f\u00edsic d\u2019una organitzaci\u00f3 ha de quedar registrat en tots els documents relatius a la constituci\u00f3 de la societa<\/strong>t, pel que conv\u00e9 escollir i adquirir l\u2019establiment amb anterioritat<\/p>\n\n<h3 class=\"wp-block-heading\"><h3><strong>Assegurat de complir amb la legislaci\u00f3 local<\/strong><\/h3><\/h3>\n\n<p>Finalment, per traslladar una empresa a Andorra \u00e9s de vital import\u00e0ncia <strong>complir amb la legalitat vigent del principat<\/strong>, sobretot a efectes fiscals i de comptabilitat. En aquest sentit, cab cal destacar que la responsabilitat social a les SL i a les SA no s&#8217;est\u00e9n als seus socis, sempre que hi hagi un compliment d\u2019aquestes normatives per la seva part.<\/p>\n\n<h2 class=\"wp-block-heading\"><span class=\"ez-toc-section\" id=\"Com_traslladar-te_a_viure_al_principat\"><\/span><h3>Com traslladar-te a viure al principat?<\/h3><span class=\"ez-toc-section-end\"><\/span><\/h2>\n\n<p>M\u00e9s enll\u00e0 dels tr\u00e0mits purament societaris, el trasllat d\u2019una empresa a Andorra tamb\u00e9<strong> implica un<\/strong> <a href=\"https:\/\/www.augelegalfiscal.com\/ca\/com-obtenir-la-residencia-fiscal-a-andorra\/\" target=\"_blank\" rel=\"noopener\">canvi de resid\u00e8ncia<\/a> a vegades d\u2019una fam\u00edlia al complet, aix\u00ed doncs, conv\u00e9 con\u00e8ixer les necessitats relacionades amb tota mena de permisos, habitatge, escolaritzaci\u00f3, ciutadania i incl\u00f2s la conducci\u00f3 de vehicles; per tant, qui es trobi en aquesta situaci\u00f3 haur\u00e0 de seguir els seg\u00fcents passos:<\/p>\n\n<h3 class=\"wp-block-heading\"><h3>Obtenir un perm\u00eds de resid\u00e8ncia per tota la fam\u00edlia<\/h3><\/h3>\n\n<p>Enfront de la complexitat dels procediments del departament d&#8217;immigraci\u00f3, \u00e9s habitual el dubte sobre quin estatus de resid\u00e8ncia escollir. Hi ha diverses modalitats de resid\u00e8ncia administrativa que corresponen a diferents perfils. Cadascuna d&#8217;elles ha sigut objecte d\u2019un article publicat al nostre blo<\/p>\n\n<ul class=\"wp-block-list\">\n<li>Resid\u00e8ncia no lucrativa<\/li>\n\n\n\n<li><a href=\"https:\/\/www.augelegalfiscal.com\/ca\/area-immigracio\/residencia-amb-permis-de-treball\/\" target=\"_blank\" rel=\"noopener\">Resid\u00e8ncia amb perm\u00eds de treball<\/a><\/li>\n\n\n\n<li><a href=\"https:\/\/www.augelegalfiscal.com\/ca\/area-immigracio\/residencia-per-compte-propi\/\" target=\"_blank\" rel=\"noopener\">Resid\u00e8ncia per professionals amb projecci\u00f3 internacional<\/a><\/li>\n\n\n\n<li><a href=\"https:\/\/www.augelegalfiscal.com\/ca\/area-immigracio\/residencia-de-professionals-amb-interes-esportiu-cientific-o-cultural\/\" target=\"_blank\" rel=\"noopener\">Resid\u00e8ncia de professionals amb interessos pol\u00edtics, esportius o culturals <\/a><\/li>\n\n\n\n<li>Resid\u00e8ncia de professionals amb interessos pol\u00edtics, esportius o culturals<\/li>\n<\/ul>\n\n<p>Per a qui t\u00e9 previst <strong>constituir, invertir o implementar el seu negoci a Andorra, la residencia per compte propi seria la m\u00e9s adient<\/strong>. En canvi, si es considera l&#8217;opci\u00f3 de convertir-se en assalariat per compte ali\u00e8, la resid\u00e8ncia amb autoritzaci\u00f3 de treball \u00e9s la m\u00e9s adient. En situacions de jubilaci\u00f3 a Andorra o a l\u2019hora de venir a viure sense rebre ingressos, la resid\u00e8ncia no lucrativa sol ser l\u2019opci\u00f3 m\u00e9s recurrent.<\/p>\n\n<p>Cadascuna d\u2019aquestes modalitats presenta diverses condicions i avantatges per adaptar-se el millor possible a qualsevol projecte. Segons les circumst\u00e0ncies, si existeix un vincle familiar \u2013 r\u00e8gim matrimonial, fills menors d\u2019edat, relaci\u00f3 de depend\u00e8ncia -, c\u00f2njuge i fills poden obtenir la resid\u00e8ncia mitjan\u00e7ant el reagrupament familiar.<\/p>\n\n<h3 class=\"wp-block-heading\"><h3><strong>Escollir l\u2019escolaritat dels meus fills<\/strong><\/h3><\/h3>\n\n<p>L\u2019educaci\u00f3 dels fills \u00e9s una de les principals preocupacions per a qui traslladen la seva resid\u00e8ncia familiar a Andorra, on l\u2019escolaritzaci\u00f3 \u00e9s fonamental. En la modalitat p\u00fablica <strong>existeixen tres sistemes educatius diferents, tots ells ofereixen una formaci\u00f3 general i professional<\/strong>: l\u2019escola andorrana, m\u00e9s moderna i basada en l\u2019educaci\u00f3 escandinava; l\u2019escola francesa, m\u00e9s cl\u00e0ssica i rigorosa per\u00f2 que garanteix l\u2019educaci\u00f3 republicana; i l\u2019escola espanyola, que es basa en les ensenyances i formacions aprovades pel Ministeri d\u2019Educaci\u00f3 Espanyol.<\/p>\n\n<p>Per garantir una millor integraci\u00f3 dels estudiants estrangers al pa\u00eds i per tant, formar-los en una nova cultura, les <strong>classes de llengua catalana d&#8217;hist\u00f2ria i geografia andorrana s\u00f3n obligat\u00f2riament impartides<\/strong> en cadascun d&#8217;aquests sistemes educatius. Seguint una traject\u00f2ria educativa p\u00fablica, els estudiants podran prosseguir els seus estudis superiors a Andorra i a l&#8217;estranger. Tamb\u00e9 s\u2019ofereix l\u2019opci\u00f3 de cursar els estudis internacionals amb educaci\u00f3 en la llengua anglesa, tant al \u00c1gora Internacional School com al British College.<\/p>\n\n<h3 class=\"wp-block-heading\"><h3><strong>Compra \/ lloguer de la meva nova habitatge a Andorra<\/strong><\/h3><\/h3>\n\n<p>Un dels passos crucials en el trasllat consistir\u00e0 a trobar una nou habitatge. El mercat immobiliari a Andorra inclou molta m\u00e9s oferta que demanda, per la qual cosa <strong>\u00e9s important comptar amb un assessorament al respecte<\/strong>. La nostra ag\u00e8ncia immobili\u00e0ria Aug\u00e9 Real Estate, presta ajudes en aquesta recerca i ofereix certs avantatges en funci\u00f3 de l\u2019operaci\u00f3 realitzada. Addicionalment, l\u2019ag\u00e8ncia pot encarregar-se de la subscripci\u00f3 d\u2019assegurances, aix\u00ed com la contractaci\u00f3 dels subministraments d\u2019electricitat i comunicacions.<\/p>\n\n<h3 class=\"wp-block-heading\"><h3>Inscripci\u00f3 en el \u201cCom\u00fa\u201d i en el registre de ciutadans expatriats del meu consolat<\/h3><\/h3>\n\n<p>Un cop instal\u00b7lat a Andorra, \u00e9s obligatori informar a les institucions competents de la nova direcci\u00f3. Aix\u00f2 implica <strong>la inscripci\u00f3 al Com\u00fa \u2013 ajuntament \u2013 de la parr\u00f2quia en el que s\u2019hagi establert la resid\u00e8ncia<\/strong>. Per altra banda, amb refer\u00e8ncia al registre de ciutadans expatriats, \u00e9s un pas personal que s\u2019ha de dur a terme amb el consolat del pa\u00eds d\u2019origen per informar del canvi de domicili i transmet-ho a l\u2019administraci\u00f3 p\u00fablica corresponent.<\/p>\n\n<h3 class=\"wp-block-heading\"><h3>Homologaci\u00f3 del meu perm\u00eds de conduir i matriculaci\u00f3 del meu vehicle.<\/h3><\/h3>\n\n<p><strong>L\u2019homologaci\u00f3 del perm\u00eds de conduir s\u2019ha de dur a terme durant el primer any de resid\u00e8ncia a Andorra<\/strong>. En cas contrari, ser\u00e0 necessari realitzar l\u2019ex\u00e0mens del perm\u00eds de conduir andorr\u00e0 per poder conduir dins del territori. Aquest procediment d\u2019homologaci\u00f3 requereix haver completat el registre al com\u00fa de la parr\u00f2quia de resid\u00e8ncia i a l\u2019entrega del carnet de conduir original. A continuaci\u00f3, l&#8217;administraci\u00f3 andorrana atorga un perm\u00eds de conduir andorr\u00e0 homologat i requisar\u00e0 sense devoluci\u00f3 el perm\u00eds de conduir original.<\/p>\n\n<p>En refer\u00e8ncia a la<strong> matriculaci\u00f3 de vehicles, tamb\u00e9 es disposa d\u2019un any des de l&#8217;obtenci\u00f3 del perm\u00eds de resid\u00e8nci<\/strong>a per realitzar el procediment. Igualment, si es matricula el vehicle dins de l\u2019any posterior a l\u2019obtenci\u00f3 de la resid\u00e8ncia no s\u2019haur\u00e0 d\u2019abonar l&#8217;impost indirecte andorr\u00e0 \u2013 4.5% &#8211; sobre el valor estimat del vehicle en la importaci\u00f3. Nom\u00e9s es poden importar a Andorra els models que compleixen amb les condicions impostes per la norma Euro 5 o Euro 6 i amb antiguitat m\u00e0xima de 6 anys.<\/p>\n\n<h3 class=\"wp-block-heading\"><h3>Certificat de resid\u00e8ncia fiscal a Andorra<\/h3><\/h3>\n\n<p>Despr\u00e9s de 6 mesos de resid\u00e8ncia efectiva en el Principat d\u2019Andorra \u00e9s possible <strong>sol\u00b7licitar a les autoritats andorranes competents un c<a href=\"https:\/\/www.augelegalfiscal.com\/ca\/certificat-residencia-fiscal\/\">ertificat que acrediti la resid\u00e8ncia fiscal al pa\u00eds<\/a><\/strong>. Aquest document oficial pot ser un element de prova de la resid\u00e8ncia fiscal a Andorra en enfront de les autoritats fiscals dels pa\u00efsos d\u2019origen o d\u2019anteriors resid\u00e8ncies per acreditar que estan pagant impostos en la jurisdicci\u00f3 corresponent.<\/p>\n\n<p>Qualsevol expatriaci\u00f3 implica tr\u00e0mits administratius en el pa\u00eds d\u2019origen, com per exemple <strong>la baixa a la seguretat social, la comprovaci\u00f3 de l&#8217;exist\u00e8ncia de convenis entre el pa\u00eds d&#8217;origen i Andorra<\/strong> per conservar la cotitzaci\u00f3 per la jubilaci\u00f3 i els drets de desocupaci\u00f3, rescindir determinats contractes d\u2019assegurances, informar a les autoritats del canvi de domicili, etc<\/p>\n\n<p><\/p>\n","protected":false},"excerpt":{"rendered":"<p>El Principat d&#8217;Andorra \u00e9s una de les destinacions m\u00e9s atractives d\u2019Europa en l&#8217;\u00e0mbit empresarial, tant pel context que ofereix a les societats com per determinades caracter\u00edstiques que ofereix als seus residents fora de l\u2019\u00e0mbit professional. Ara b\u00e9, traslladar una empresa a Andorra no consisteix simplement a canviar una adre\u00e7a fiscal. Es tracta d\u2019un proc\u00e9s que [&hellip;]<\/p>\n","protected":false},"author":7,"featured_media":13067,"comment_status":"closed","ping_status":"open","sticky":false,"template":"","format":"standard","meta":{"_acf_changed":false,"footnotes":""},"categories":[113],"tags":[],"class_list":["post-12960","post","type-post","status-publish","format-standard","has-post-thumbnail","hentry","category-empresa-i-fiscalitat"],"acf":[],"_links":{"self":[{"href":"https:\/\/www.augelegalfiscal.com\/ca\/wp-json\/wp\/v2\/posts\/12960","targetHints":{"allow":["GET"]}}],"collection":[{"href":"https:\/\/www.augelegalfiscal.com\/ca\/wp-json\/wp\/v2\/posts"}],"about":[{"href":"https:\/\/www.augelegalfiscal.com\/ca\/wp-json\/wp\/v2\/types\/post"}],"author":[{"embeddable":true,"href":"https:\/\/www.augelegalfiscal.com\/ca\/wp-json\/wp\/v2\/users\/7"}],"replies":[{"embeddable":true,"href":"https:\/\/www.augelegalfiscal.com\/ca\/wp-json\/wp\/v2\/comments?post=12960"}],"version-history":[{"count":4,"href":"https:\/\/www.augelegalfiscal.com\/ca\/wp-json\/wp\/v2\/posts\/12960\/revisions"}],"predecessor-version":[{"id":16883,"href":"https:\/\/www.augelegalfiscal.com\/ca\/wp-json\/wp\/v2\/posts\/12960\/revisions\/16883"}],"wp:featuredmedia":[{"embeddable":true,"href":"https:\/\/www.augelegalfiscal.com\/ca\/wp-json\/wp\/v2\/media\/13067"}],"wp:attachment":[{"href":"https:\/\/www.augelegalfiscal.com\/ca\/wp-json\/wp\/v2\/media?parent=12960"}],"wp:term":[{"taxonomy":"category","embeddable":true,"href":"https:\/\/www.augelegalfiscal.com\/ca\/wp-json\/wp\/v2\/categories?post=12960"},{"taxonomy":"post_tag","embeddable":true,"href":"https:\/\/www.augelegalfiscal.com\/ca\/wp-json\/wp\/v2\/tags?post=12960"}],"curies":[{"name":"wp","href":"https:\/\/api.w.org\/{rel}","templated":true}]}}