{"id":8951,"date":"2023-08-30T12:30:17","date_gmt":"2023-08-30T10:30:17","guid":{"rendered":"https:\/\/www.augelegalfiscal.com\/actualidad\/primera-part-de-l-entrevista-el-periodic\/"},"modified":"2023-08-30T12:30:17","modified_gmt":"2023-08-30T10:30:17","slug":"primera-part-de-l-entrevista-el-periodic","status":"publish","type":"actualidad","link":"https:\/\/www.augelegalfiscal.com\/ca\/actualidad\/primera-part-de-l-entrevista-el-periodic\/","title":{"rendered":"Primera part de l&#8217;entrevista a Pere Aug\u00e9, CEO i fundador d&#8217;Aug\u00e9 Holding Group, al diari El Peri\u00f2dic i al portal de not\u00edcies All Andorra"},"content":{"rendered":"<p>&#8220;No podemos negar el desequilibrio entre el efecto de la inversi\u00f3n exterior y la falta de oferta de vivienda a precio asequible&#8221;<\/p>\n","protected":false},"excerpt":{"rendered":"<p>&#8220;No podemos negar el desequilibrio entre el efecto de la inversi\u00f3n exterior y la falta de oferta de vivienda a precio asequible&#8221;<\/p>\n","protected":false},"featured_media":0,"menu_order":0,"template":"","meta":{"_acf_changed":false,"footnotes":""},"class_list":["post-8951","actualidad","type-actualidad","status-publish","hentry"],"acf":[],"_links":{"self":[{"href":"https:\/\/www.augelegalfiscal.com\/ca\/wp-json\/wp\/v2\/actualidad\/8951","targetHints":{"allow":["GET"]}}],"collection":[{"href":"https:\/\/www.augelegalfiscal.com\/ca\/wp-json\/wp\/v2\/actualidad"}],"about":[{"href":"https:\/\/www.augelegalfiscal.com\/ca\/wp-json\/wp\/v2\/types\/actualidad"}],"version-history":[{"count":0,"href":"https:\/\/www.augelegalfiscal.com\/ca\/wp-json\/wp\/v2\/actualidad\/8951\/revisions"}],"wp:attachment":[{"href":"https:\/\/www.augelegalfiscal.com\/ca\/wp-json\/wp\/v2\/media?parent=8951"}],"curies":[{"name":"wp","href":"https:\/\/api.w.org\/{rel}","templated":true}]}}