{"id":8715,"date":"2023-07-07T17:52:47","date_gmt":"2023-07-07T15:52:47","guid":{"rendered":"https:\/\/www.augelegalfiscal.com\/actualidad\/observatori-de-la-marca-andorra-x-apostant-per-lexcellencia-gastronomica\/"},"modified":"2023-07-10T18:04:53","modified_gmt":"2023-07-10T16:04:53","slug":"observatori-de-la-marca-andorra-x-apostant-per-lexcellencia-gastronomica","status":"publish","type":"actualidad","link":"https:\/\/www.augelegalfiscal.com\/ca\/actualidad\/observatori-de-la-marca-andorra-x-apostant-per-lexcellencia-gastronomica\/","title":{"rendered":"Observatori de la Marca Andorra (X): Apostant per l\u2019excel\u00b7l\u00e8ncia gastron\u00f2mica"},"content":{"rendered":"<p>Una reflexi\u00f3 sobre el potencial de la gastronomia com a motor social i econ\u00f2mic, i el seu paper a la consolidaci\u00f3 de la marca pa\u00eds. L&#8217;evoluci\u00f3 de la gastronomia a diferents zones tur\u00edstiques d&#8217;Andorra, on la millora de l&#8217;oferta de restauraci\u00f3 ha contribu\u00eft a una satisfacci\u00f3 m\u00e9s gran dels clients i uns millors resultats.<\/p>\n<p>Reflexions sobre la creaci\u00f3 d&#8217;un \u201cInstitut Culinari d&#8217;Andorra\u201d amb potencial per crear un aut\u00e8ntic ecosistema gastron\u00f2mic andorr\u00e0. Un homenatge als cuiners casolans i la import\u00e0ncia de protegir el llegat de les generacions passades alhora que s&#8217;aprofiten les noves oportunitats.<\/p>\n<p>La preservaci\u00f3 de la tradici\u00f3 i la innovaci\u00f3 com a ess\u00e8ncia per al present i el futur de la gastronomia andorrana i la seva contribuci\u00f3 a la Marca Andorra.<\/p>\n","protected":false},"excerpt":{"rendered":"<p>Una reflexi\u00f3 sobre el potencial de la gastronomia com a motor social i econ\u00f2mic, i el seu paper a la consolidaci\u00f3 de la marca pa\u00eds. L&#8217;evoluci\u00f3 de la gastronomia a diferents zones tur\u00edstiques d&#8217;Andorra, on la millora de l&#8217;oferta de restauraci\u00f3 ha contribu\u00eft a una satisfacci\u00f3 m\u00e9s gran dels clients i uns millors resultats.<\/p>\n","protected":false},"featured_media":0,"menu_order":0,"template":"","meta":{"_acf_changed":false,"footnotes":""},"class_list":["post-8715","actualidad","type-actualidad","status-publish","hentry"],"acf":[],"_links":{"self":[{"href":"https:\/\/www.augelegalfiscal.com\/ca\/wp-json\/wp\/v2\/actualidad\/8715","targetHints":{"allow":["GET"]}}],"collection":[{"href":"https:\/\/www.augelegalfiscal.com\/ca\/wp-json\/wp\/v2\/actualidad"}],"about":[{"href":"https:\/\/www.augelegalfiscal.com\/ca\/wp-json\/wp\/v2\/types\/actualidad"}],"version-history":[{"count":1,"href":"https:\/\/www.augelegalfiscal.com\/ca\/wp-json\/wp\/v2\/actualidad\/8715\/revisions"}],"predecessor-version":[{"id":8719,"href":"https:\/\/www.augelegalfiscal.com\/ca\/wp-json\/wp\/v2\/actualidad\/8715\/revisions\/8719"}],"wp:attachment":[{"href":"https:\/\/www.augelegalfiscal.com\/ca\/wp-json\/wp\/v2\/media?parent=8715"}],"curies":[{"name":"wp","href":"https:\/\/api.w.org\/{rel}","templated":true}]}}