{"id":10462,"date":"2024-04-18T10:59:33","date_gmt":"2024-04-18T08:59:33","guid":{"rendered":"https:\/\/www.augelegalfiscal.com\/actualidad\/observatori-de-la-marca-andorra-xxx-creixement-sostenible-habitatge-i-constitucio\/"},"modified":"2024-04-18T10:59:33","modified_gmt":"2024-04-18T08:59:33","slug":"observatori-de-la-marca-andorra-xxx-creixement-sostenible-habitatge-i-constitucio","status":"publish","type":"actualidad","link":"https:\/\/www.augelegalfiscal.com\/ca\/actualidad\/observatori-de-la-marca-andorra-xxx-creixement-sostenible-habitatge-i-constitucio\/","title":{"rendered":"Observatori de la Marca Andorra (XXX): Creixement sostenible, habitatge i Constituci\u00f3"},"content":{"rendered":"<p>Pere Aug\u00e9 examina un nou projecte de llei a Andorra que pret\u00e9n promoure el creixement sostenible i assegurar el dret a un allotjament digne, alineat amb els articles 31, 33 i 27 de la Constituci\u00f3 andorrana. Aquest projecte busca racionalitzar l&#8217;\u00fas dels recursos naturals i garantir la propietat i l&#8217;\u00fas digne de l&#8217;habitatge, davant un mercat que no ofereix suficients solucions habitacionals accessibles. Aug\u00e9 critica la falta de claredat sobre la necessitat real d&#8217;habitatges i els efectes de les noves mesures legals que podrien intensificar els litigis sense resoldre el problema de fons. Proposa mirar tamb\u00e9 cap a la propietat d&#8217;habitatges, no nom\u00e9s el lloguer, per complir amb el dret constitucional a un allotjament digne.<\/p>\n","protected":false},"excerpt":{"rendered":"<p>Pere Aug\u00e9 examina un nou projecte de llei a Andorra que pret\u00e9n promoure el creixement sostenible i assegurar el dret a un allotjament digne, alineat amb els articles 31, 33 i 27 de la Constituci\u00f3 andorrana. Aquest projecte busca racionalitzar l&#8217;\u00fas dels recursos naturals i garantir la propietat i l&#8217;\u00fas digne de l&#8217;habitatge, davant un mercat que no ofereix suficients solucions habitacionals accessibles. Aug\u00e9 critica la falta de claredat sobre la necessitat real d&#8217;habitatges i els efectes de les noves mesures legals que podrien intensificar els litigis sense resoldre el problema de fons. Proposa mirar tamb\u00e9 cap a la propietat d&#8217;habitatges, no nom\u00e9s el lloguer, per complir amb el dret constitucional a un allotjament digne.<\/p>\n","protected":false},"featured_media":0,"menu_order":0,"template":"","meta":{"_acf_changed":false,"footnotes":""},"class_list":["post-10462","actualidad","type-actualidad","status-publish","hentry"],"acf":[],"_links":{"self":[{"href":"https:\/\/www.augelegalfiscal.com\/ca\/wp-json\/wp\/v2\/actualidad\/10462","targetHints":{"allow":["GET"]}}],"collection":[{"href":"https:\/\/www.augelegalfiscal.com\/ca\/wp-json\/wp\/v2\/actualidad"}],"about":[{"href":"https:\/\/www.augelegalfiscal.com\/ca\/wp-json\/wp\/v2\/types\/actualidad"}],"version-history":[{"count":0,"href":"https:\/\/www.augelegalfiscal.com\/ca\/wp-json\/wp\/v2\/actualidad\/10462\/revisions"}],"wp:attachment":[{"href":"https:\/\/www.augelegalfiscal.com\/ca\/wp-json\/wp\/v2\/media?parent=10462"}],"curies":[{"name":"wp","href":"https:\/\/api.w.org\/{rel}","templated":true}]}}